{"id":371808,"date":"2026-09-03T00:06:11","date_gmt":"2026-09-03T00:06:11","guid":{"rendered":"https:\/\/www.europesays.com\/at\/371808\/"},"modified":"2026-09-03T00:06:11","modified_gmt":"2026-09-03T00:06:11","slug":"betriebe-zeigen-neue-wege-fuer-landwirtschaft","status":"publish","type":"post","link":"https:\/\/www.europesays.com\/at\/371808\/","title":{"rendered":"Betriebe zeigen neue Wege f\u00fcr Landwirtschaft"},"content":{"rendered":"<p>Landwirtschaft<\/p>\n<p class=\"story-lead-text\">\n            Wegen des Klimawandels und wirtschaftlicher Unsicherheit suchen Landwirte nach neuen L\u00f6sungen. Bei der erstmals veranstalteten H\u00f6fetour k\u00f6nnen Besucherinnen und Besucher Betriebe besichtigen, die innovative landwirtschaftliche Konzepte umsetzen.\n         <\/p>\n<p>\n         02.09.2026 19.11\n      <\/p>\n<p>\n         Online seit gestern, 19.11 Uhr<\/p>\n<p>Auf mehreren H\u00f6fen in der Region k\u00f6nnen Besucherinnen und Besucher am Freitag erleben, wie Landwirtschaft in Zukunft funktionieren k\u00f6nnte. Mit der Zeit zu gehen, sei in der Landwirtschaft besonders wichtig, so der Biolandwirt Valentin Seiringer. \u201eUnter den aktuellen Bedingungen m\u00fcssen wir uns in alle Richtungen anpassen, an den Klimawandel, aber auch an die M\u00e4rkte\u201c, so Seiringer. Nur so k\u00f6nne man dauerhaft bestehen. Der Landwirt setzt auf nachhaltige Bodenbearbeitungsmethoden.<\/p>\n<p>Bei der H\u00f6fetour am Freitag k\u00f6nnen Interessierte seinen Hof besuchen. Insgesamt sind neun Betriebe beteiligt. Ziel ist es, neue Ideen sichtbar zu machen und einen direkten Austausch zwischen Landwirten, Forschenden und Interessierten zu erm\u00f6glichen. \u201ePro Station gibt es maximal 15 bis 20 Besucher. Dadurch entsteht die M\u00f6glichkeit, mit dem Landwirt zu sprechen und  Fragen zu stellen\u201c, sagt Organisator Johannes E\u00dfmeister.<\/p>\n<p>      <img decoding=\"async\" class=\"lazy-loading\" bad-src=\"data:image\/svg+xml;charset=utf-8,%3Csvg%20xmlns%3D'http%3A%2F%2Fwww.w3.org%2F2000%2Fsvg'%20viewBox%3D'0%200%204000%203000'%2F%3E\" src=\"https:\/\/www.europesays.com\/at\/wp-content\/uploads\/2026\/09\/3169613_bigpicture_1229065_20260901_103856.jpg\"  alt=\"Bodenkultur \/ Landwirtschaft \/ Sojabohnen\"\/><\/p>\n<p>   ORF\/Nicola H\u00f6pfl<\/p>\n<p>      Der Biolandwirt Valentin Seiringer setzt auf nachhaltige Bodenbearbeitungsmethoden<\/p>\n<p>Innovative Konzepte werden relevanter<\/p>\n<p>Der Markt reagiere auf die Herausforderungen der Landwirtschaft mit neuen Entwicklungen, so Ines M\u00fchlbachler von der Innovation Farm. \u201eWir schauen uns an, was die Technologien f\u00fcr die Landwirtschaft bringen.\u201c Eine dieser Technologien ist ein selbstfahrender M\u00e4hroboter. Dieser wird neben weiteren neuen Technologien bei Innovation Farm im Zuge der H\u00f6fetour pr\u00e4sentiert.<\/p>\n<p>Bereits in der Praxis umgesetzt wird eine Methode, bei der Solarpaneele Anbaufl\u00e4chen sch\u00fctzen. \u201eNormalerweise werden solche Kulturen mit Hagelfolien \u00fcberdacht. Die muss man alle paar Jahre tauschen. Die Solarpaneele bleiben f\u00fcr die n\u00e4chsten 25 Jahre\u201c, so der Landwirt Markus Wurzer. Er baut Beerenstr\u00e4ucher unter den Solarpaneelen an. Weil diese Schatten spenden, habe ihn die Hitzewelle weniger stark getroffen.<\/p>\n<p>      <img decoding=\"async\" class=\"lazy-loading\" bad-src=\"data:image\/svg+xml;charset=utf-8,%3Csvg%20xmlns%3D'http%3A%2F%2Fwww.w3.org%2F2000%2Fsvg'%20viewBox%3D'0%200%204000%203000'%2F%3E\" src=\"https:\/\/www.europesays.com\/at\/wp-content\/uploads\/2026\/09\/3169609_bigpicture_1229066_20260901_094609.jpg\"  alt=\"Beerenkulturen unter Solarpaneelen\"\/><\/p>\n<p>   ORF\/Nicola H\u00f6pfl<\/p>\n<p>      In diesem Betrieb werden Beerenkulturen durch Solarpaneele gesch\u00fctzt<\/p>\n<p>Teilnehmerinnen und Teilnehmer der H\u00f6fetour k\u00f6nnen sich nach Anmeldung eine Tour zusammenstellen und individuell entscheiden, welche Betriebe sie besuchen wollen. Organisiert wird die Veranstaltung vom Verein \u201eKreislaufregion Melk-Scheibbs\u201c.<\/p>\n","protected":false},"excerpt":{"rendered":"Landwirtschaft Wegen des Klimawandels und wirtschaftlicher Unsicherheit suchen Landwirte nach neuen L\u00f6sungen. Bei der erstmals veranstalteten H\u00f6fetour k\u00f6nnen&hellip;\n","protected":false},"author":2,"featured_media":371809,"comment_status":"","ping_status":"","sticky":false,"template":"","format":"standard","meta":{"footnotes":"","_share_on_mastodon":"0"},"categories":[6],"tags":[46,42,44,43,45],"class_list":["post-371808","post","type-post","status-publish","format-standard","has-post-thumbnail","category-oesterreich","tag-at","tag-austria","tag-oesterreich","tag-republic-of-austria","tag-republik-oesterreich"],"share_on_mastodon":{"url":"https:\/\/pubeurope.com\/@at\/117204196049893553","error":""},"_links":{"self":[{"href":"https:\/\/www.europesays.com\/at\/wp-json\/wp\/v2\/posts\/371808","targetHints":{"allow":["GET"]}}],"collection":[{"href":"https:\/\/www.europesays.com\/at\/wp-json\/wp\/v2\/posts"}],"about":[{"href":"https:\/\/www.europesays.com\/at\/wp-json\/wp\/v2\/types\/post"}],"author":[{"embeddable":true,"href":"https:\/\/www.europesays.com\/at\/wp-json\/wp\/v2\/users\/2"}],"replies":[{"embeddable":true,"href":"https:\/\/www.europesays.com\/at\/wp-json\/wp\/v2\/comments?post=371808"}],"version-history":[{"count":0,"href":"https:\/\/www.europesays.com\/at\/wp-json\/wp\/v2\/posts\/371808\/revisions"}],"wp:featuredmedia":[{"embeddable":true,"href":"https:\/\/www.europesays.com\/at\/wp-json\/wp\/v2\/media\/371809"}],"wp:attachment":[{"href":"https:\/\/www.europesays.com\/at\/wp-json\/wp\/v2\/media?parent=371808"}],"wp:term":[{"taxonomy":"category","embeddable":true,"href":"https:\/\/www.europesays.com\/at\/wp-json\/wp\/v2\/categories?post=371808"},{"taxonomy":"post_tag","embeddable":true,"href":"https:\/\/www.europesays.com\/at\/wp-json\/wp\/v2\/tags?post=371808"}],"curies":[{"name":"wp","href":"https:\/\/api.w.org\/{rel}","templated":true}]}}