{"id":371826,"date":"2026-09-03T00:20:18","date_gmt":"2026-09-03T00:20:18","guid":{"rendered":"https:\/\/www.europesays.com\/at\/371826\/"},"modified":"2026-09-03T00:20:18","modified_gmt":"2026-09-03T00:20:18","slug":"fussball-die-14-teuersten-sommer-transfers-2026","status":"publish","type":"post","link":"https:\/\/www.europesays.com\/at\/371826\/","title":{"rendered":"Fu\u00dfball: Die 14 teuersten Sommer-Transfers 2026"},"content":{"rendered":"<p>Seit 1. September hat das Fu\u00dfball-Transferfenster in den gro\u00dfen Ligen (England, Spanien, Deutschland, Italien, Frankreich) geschlossen.<\/p>\n<p>Auch wenn das Transferfenster noch nicht \u00fcberall zu ist, ist ein guter Zeitpunkt gekommen, um auf die teuersten Wechsel des Sommers zu blicken.<\/p>\n<p><a target=\"_self\" rel=\"noopener noreferrer nofollow\" href=\"https:\/\/www.laola1.at\/de\/red\/fussball\/sonstiges\/news\/uebersicht--so-lange-sind-die-transferfenster-noch-offen\/\">So lange sind die Transferfenster noch offen &gt;&gt;&gt;<\/a><\/p>\n<p>Wir haben die Grenze bei 70 Millionen Euro Abl\u00f6se gezogen. Insgesamt waren 14 Transfers \u00fcber dieser Marke.<\/p>\n","protected":false},"excerpt":{"rendered":"Seit 1. September hat das Fu\u00dfball-Transferfenster in den gro\u00dfen Ligen (England, Spanien, Deutschland, Italien, Frankreich) geschlossen. Auch wenn&hellip;\n","protected":false},"author":2,"featured_media":371827,"comment_status":"","ping_status":"","sticky":false,"template":"","format":"standard","meta":{"footnotes":"","_share_on_mastodon":"0"},"categories":[18],"tags":[37744,46,42,72501,21399,93135,74161,31513,964,1880,88851,93134,35457,44,45188,69166,109,108,9986,1877,51160],"class_list":["post-371826","post","type-post","status-publish","format-standard","has-post-thumbnail","category-sport","tag-anthony-gordon","tag-at","tag-austria","tag-ayyoub-bouaddi","tag-bradley-barcola","tag-bruno-guimaraes","tag-elliot-anderson","tag-enzo-fernandez","tag-fussball","tag-fussball-international","tag-goncalo-ramos","tag-matheus-fernandes","tag-morgan-rogers","tag-oesterreich","tag-ranked","tag-sandro-tonali","tag-sport","tag-sports","tag-transfer","tag-transfermarkt","tag-yan-diomande"],"share_on_mastodon":{"url":"https:\/\/pubeurope.com\/@at\/117204249684321903","error":""},"_links":{"self":[{"href":"https:\/\/www.europesays.com\/at\/wp-json\/wp\/v2\/posts\/371826","targetHints":{"allow":["GET"]}}],"collection":[{"href":"https:\/\/www.europesays.com\/at\/wp-json\/wp\/v2\/posts"}],"about":[{"href":"https:\/\/www.europesays.com\/at\/wp-json\/wp\/v2\/types\/post"}],"author":[{"embeddable":true,"href":"https:\/\/www.europesays.com\/at\/wp-json\/wp\/v2\/users\/2"}],"replies":[{"embeddable":true,"href":"https:\/\/www.europesays.com\/at\/wp-json\/wp\/v2\/comments?post=371826"}],"version-history":[{"count":0,"href":"https:\/\/www.europesays.com\/at\/wp-json\/wp\/v2\/posts\/371826\/revisions"}],"wp:featuredmedia":[{"embeddable":true,"href":"https:\/\/www.europesays.com\/at\/wp-json\/wp\/v2\/media\/371827"}],"wp:attachment":[{"href":"https:\/\/www.europesays.com\/at\/wp-json\/wp\/v2\/media?parent=371826"}],"wp:term":[{"taxonomy":"category","embeddable":true,"href":"https:\/\/www.europesays.com\/at\/wp-json\/wp\/v2\/categories?post=371826"},{"taxonomy":"post_tag","embeddable":true,"href":"https:\/\/www.europesays.com\/at\/wp-json\/wp\/v2\/tags?post=371826"}],"curies":[{"name":"wp","href":"https:\/\/api.w.org\/{rel}","templated":true}]}}