{"id":371842,"date":"2026-09-03T00:30:25","date_gmt":"2026-09-03T00:30:25","guid":{"rendered":"https:\/\/www.europesays.com\/at\/371842\/"},"modified":"2026-09-03T00:30:25","modified_gmt":"2026-09-03T00:30:25","slug":"sturm-leiht-ex-salzburger-diakite-aus-reims-schon-lange-am-schirm","status":"publish","type":"post","link":"https:\/\/www.europesays.com\/at\/371842\/","title":{"rendered":"Sturm leiht Ex-Salzburger Diakit\u00e9 aus Reims \u2013 \u201eSchon lange am Schirm\u201c"},"content":{"rendered":"<p>Mit Kaufoption\u00a0<\/p>\n<p>                                    <img decoding=\"async\" src=\"https:\/\/www.europesays.com\/at\/wp-content\/uploads\/2026\/09\/oumar-diakite-sturm-2026-1788378010-205241.jpeg\" title=\"Sturm leiht Ex-Salzburger Diakit\u00e9 aus Reims \u2013 \u201eSchon lange am Schirm\u201c\" alt=\"Sturm leiht Ex-Salzburger Diakit\u00e9 aus Reims \u2013 \u201eSchon lange am Schirm\u201c\" class=\"\"\/><\/p>\n<p>\n                                       \u00a9SK Sturm Graz\n                                    <\/p>\n<p>Vizemeister <a title=\"SK Sturm Graz\" href=\"https:\/\/www.transfermarkt.at\/sk-sturm-graz\/startseite\/verein\/122\" target=\"_blank\" rel=\"nofollow noopener\">Sturm Graz<\/a> hat am Mittwochabend einen neuen St\u00fcrmer vorgestellt: <a title=\"Oumar Diakit\u00e9\" href=\"https:\/\/www.transfermarkt.at\/oumar-diakit-\/profil\/spieler\/847279\" target=\"_blank\" rel=\"nofollow noopener\">Oumar Diakit\u00e9<\/a> wechselt in die Steiermark. Der 22-j\u00e4hrige Ivorer kommt leihweise bis Saisonende vom franz\u00f6sischen Zweitligisten <a title=\"Stade Reims\" href=\"https:\/\/www.transfermarkt.at\/stade-reims\/startseite\/verein\/1421\" target=\"_blank\" rel=\"nofollow noopener\">Stade Reims<\/a>, Sturm sicherte sich zudem eine Kaufoption. Diakit\u00e9 war bereits in der vergangenen Saison verliehen, f\u00fcr <a title=\"Cercle Br\u00fcgge\" href=\"https:\/\/www.transfermarkt.at\/cercle-br-gge\/startseite\/verein\/520\" target=\"_blank\" rel=\"nofollow noopener\">Cercle Br\u00fcgge<\/a> traf der Offensivmann siebenmal in 25 Eins\u00e4tzen im belgischen Oberhaus.<\/p>\n<p>Diakit\u00e9 ist in \u00d6sterreich kein Unbekannter, der nunmehrige Angreifer wurde im Januar 2022 von Red Bull Salzburg als defensiver Mittelfeldspieler aus seiner Heimat geholt und sp\u00e4ter bei Farmteam Liefering zum St\u00fcrmer umfunktioniert.<\/p>\n<p><\/p>\n<p>Gesch\u00e4ftsf\u00fchrer Sport <a title=\"Michael Parensen\" href=\"https:\/\/www.transfermarkt.at\/michael-parensen\/profil\/trainer\/93480\" target=\"_blank\" rel=\"nofollow noopener\">Michael Parensen<\/a> sagte: \u201eOumar Diakit\u00e9 ist ein Spieler, den wir schon lange am Schirm haben und mit dem wir bereits im vergangenen Sommer sehr gute Gespr\u00e4che gef\u00fchrt hatten. Aufgrund ver\u00e4nderter Konstellationen hat sich nun die Chance ergeben, diesen Transfer f\u00fcr den SK Sturm zu realisieren. Dementsprechend freuen wir uns sehr, dass es nun geklappt hat, obwohl er auch Angebote aus anderen europ\u00e4ischen Ligen vorliegen hatte. Oumar bringt eine hervorragende Mentalit\u00e4t und Einstellung mit, verf\u00fcgt \u00fcber eine sehr gute Physis und viel Tempo, arbeitet stark gegen den Ball und bewegt sich sehr gut zwischen den Linien. Au\u00dferdem bringt er mit seinen erst 22 Jahren bereits die Erfahrung aus \u00fcber 50 Spielen in einer Topliga wie Frankreich sowie 31 L\u00e4nderspielen und dem Gewinn des Afrika Cups mit nach Graz. Willkommen beim SK Sturm, Oumar!\u201c<\/p>\n<p><\/p>\n<p>\n                                Hinweis:<br \/>\n                                Wenn du etwas googelst, bekommst du neben den normalen Ergebnissen auch eine Box mit aktuellen News angezeigt. Wenn du Transfermarkt als bevorzugte Quelle hinterlegst, tauchen unsere Inhalte dort h\u00e4ufiger f\u00fcr dich auf.<br \/>\n                                <a href=\"https:\/\/www.google.com\/preferences\/source?q=transfermarkt.at\" target=\"_blank\" rel=\"noopener noreferrer nofollow\" onclick=\"tmEvent(&#039;news&#039;,&#039;click&#039;,&#039;google-preferences&#039;);&#010;\"><br \/>\n                                    F\u00fcge Transfermarkt hier als bevorzugte Quelle hinzu.                                <\/a>\n                            <\/p>\n","protected":false},"excerpt":{"rendered":"Mit Kaufoption\u00a0 \u00a9SK Sturm Graz Vizemeister Sturm Graz hat am Mittwochabend einen neuen St\u00fcrmer vorgestellt: Oumar Diakit\u00e9 wechselt&hellip;\n","protected":false},"author":2,"featured_media":371843,"comment_status":"","ping_status":"","sticky":false,"template":"","format":"standard","meta":{"footnotes":"","_share_on_mastodon":"0"},"categories":[29],"tags":[46,42,676,74038,183,49185,44,92927,1072,67098],"class_list":["post-371842","post","type-post","status-publish","format-standard","has-post-thumbnail","category-graz","tag-at","tag-austria","tag-bundesliga","tag-cercle-bruegge","tag-graz","tag-ligue-2","tag-oesterreich","tag-oumar-diakite","tag-sk-sturm-graz","tag-stade-reims"],"share_on_mastodon":{"url":"https:\/\/pubeurope.com\/@at\/117204289812884410","error":""},"_links":{"self":[{"href":"https:\/\/www.europesays.com\/at\/wp-json\/wp\/v2\/posts\/371842","targetHints":{"allow":["GET"]}}],"collection":[{"href":"https:\/\/www.europesays.com\/at\/wp-json\/wp\/v2\/posts"}],"about":[{"href":"https:\/\/www.europesays.com\/at\/wp-json\/wp\/v2\/types\/post"}],"author":[{"embeddable":true,"href":"https:\/\/www.europesays.com\/at\/wp-json\/wp\/v2\/users\/2"}],"replies":[{"embeddable":true,"href":"https:\/\/www.europesays.com\/at\/wp-json\/wp\/v2\/comments?post=371842"}],"version-history":[{"count":0,"href":"https:\/\/www.europesays.com\/at\/wp-json\/wp\/v2\/posts\/371842\/revisions"}],"wp:featuredmedia":[{"embeddable":true,"href":"https:\/\/www.europesays.com\/at\/wp-json\/wp\/v2\/media\/371843"}],"wp:attachment":[{"href":"https:\/\/www.europesays.com\/at\/wp-json\/wp\/v2\/media?parent=371842"}],"wp:term":[{"taxonomy":"category","embeddable":true,"href":"https:\/\/www.europesays.com\/at\/wp-json\/wp\/v2\/categories?post=371842"},{"taxonomy":"post_tag","embeddable":true,"href":"https:\/\/www.europesays.com\/at\/wp-json\/wp\/v2\/tags?post=371842"}],"curies":[{"name":"wp","href":"https:\/\/api.w.org\/{rel}","templated":true}]}}