{"id":371862,"date":"2026-09-03T00:44:13","date_gmt":"2026-09-03T00:44:13","guid":{"rendered":"https:\/\/www.europesays.com\/at\/371862\/"},"modified":"2026-09-03T00:44:13","modified_gmt":"2026-09-03T00:44:13","slug":"droht-im-herbst-die-unwetter-katastrophe","status":"publish","type":"post","link":"https:\/\/www.europesays.com\/at\/371862\/","title":{"rendered":"Droht im Herbst die Unwetter-Katastrophe?"},"content":{"rendered":"<p>\nDas Mittelmeer hat mit 33 Grad einen neuen Rekordwert erreicht. F\u00fcr Urlauber und die Wetterlage im Herbst birgt diese massive Hitze erhebliche Gefahren.\n<\/p>\n<p data-testid=\"paragraph\" class=\"typography-lg my-layout-default my-7\">\nDas Mittelmeer ist so hei\u00df wie nie zuvor. An einer Messboje vor Mallorca kletterte die Wassertemperatur auf 33 Grad. Im gesamten westlichen Becken liegen die Temperaturen derzeit vier bis sechs Grad \u00fcber dem normalen Wert f\u00fcr diese Jahreszeit, wie das M\u00fcnchner Nachrichtenportal &#8222;merkur.de&#8220; berichtet. Wer in Spanien, Italien oder Griechenland badet, erlebt extrem warmes Wasser.\n<\/p>\n<p>Gefahr durch Unwetter<\/p>\n<p data-testid=\"paragraph\" class=\"typography-lg my-layout-default my-7\">\nDas warme Wasser dient als Treibstoff f\u00fcr das Wetter. Trifft k\u00fchle H\u00f6henluft aus dem Norden auf die feuchtwarme Luft, k\u00f6nnen gewaltige Gewitterkomplexe oder im schlimmsten Fall ein sogenannter Medicane entstehen. Solche wirbelsturmartigen Tiefs haben in der Vergangenheit schwere Sch\u00e4den angerichtet, wie Sturm &#8222;Daniel&#8220; 2023 in Libyen oder &#8222;Ianos&#8220; 2020 in Griechenland zeigten. Urlauber sollten die Lage genau im Blick behalten.\n<\/p>\n<p>Sorge vor \u00dcberschwemmungen in \u00d6sterreich<\/p>\n<p data-testid=\"paragraph\" class=\"typography-lg my-layout-default my-7\">\nDie hohen Temperaturen im Mittelmeer sch\u00fcren die Angst vor neuen \u00dcberschwemmungen. Schon im September 2024 hatte ein Italientief im Osten \u00d6sterreichs und in Nachbarl\u00e4ndern tagelangen Dauerregen ausgel\u00f6st. Damals stiegen Flusspegel extrem an und es kam zu schweren Sch\u00e4den.\n<\/p>\n<p><img class=\"mb-0 w-full\" alt=\"Im Jahr 2024 wurde in Wien ein 1.000-j\u00e4hrliches Hochwasser verzeichnet.\" src=\"https:\/\/www.europesays.com\/at\/wp-content\/uploads\/2026\/09\/1a15ae9e-c655-4240-95fb-468eff6f10e5.jpeg\"   loading=\"lazy\" decoding=\"async\"\/><\/p>\n<p>Im Jahr 2024 wurde in Wien ein 1.000-j\u00e4hrliches Hochwasser verzeichnet.<br \/>\n\u00a9 Tobias Bauer<\/p>\n<p>Warnung von Meteorologen<\/p>\n<p data-testid=\"paragraph\" class=\"typography-lg my-layout-default my-7\">\nORF-Meteorologe Marcus Wadsak erkl\u00e4rt gegen\u00fcber der &#8222;Kleinen Zeitung&#8220;: &#8222;Es ist angesichts der Begleitumst\u00e4nde fast davon auszugehen, dass es im Herbst zu massiven Regenf\u00e4llen kommen wird.&#8220; Ob diese auch \u00d6sterreich treffen, h\u00e4nge von den Luftstr\u00f6mungen ab. Zudem sei die Erde durch die lange Trockenheit sehr verdichtet, sodass Wasser kaum versickern kann.<\/p>\n","protected":false},"excerpt":{"rendered":"Das Mittelmeer hat mit 33 Grad einen neuen Rekordwert erreicht. F\u00fcr Urlauber und die Wetterlage im Herbst birgt&hellip;\n","protected":false},"author":2,"featured_media":371863,"comment_status":"","ping_status":"","sticky":false,"template":"","format":"standard","meta":{"footnotes":"","_share_on_mastodon":"0"},"categories":[6],"tags":[46,42,44,43,45],"class_list":["post-371862","post","type-post","status-publish","format-standard","has-post-thumbnail","category-oesterreich","tag-at","tag-austria","tag-oesterreich","tag-republic-of-austria","tag-republik-oesterreich"],"share_on_mastodon":{"url":"https:\/\/pubeurope.com\/@at\/117204345139076816","error":""},"_links":{"self":[{"href":"https:\/\/www.europesays.com\/at\/wp-json\/wp\/v2\/posts\/371862","targetHints":{"allow":["GET"]}}],"collection":[{"href":"https:\/\/www.europesays.com\/at\/wp-json\/wp\/v2\/posts"}],"about":[{"href":"https:\/\/www.europesays.com\/at\/wp-json\/wp\/v2\/types\/post"}],"author":[{"embeddable":true,"href":"https:\/\/www.europesays.com\/at\/wp-json\/wp\/v2\/users\/2"}],"replies":[{"embeddable":true,"href":"https:\/\/www.europesays.com\/at\/wp-json\/wp\/v2\/comments?post=371862"}],"version-history":[{"count":0,"href":"https:\/\/www.europesays.com\/at\/wp-json\/wp\/v2\/posts\/371862\/revisions"}],"wp:featuredmedia":[{"embeddable":true,"href":"https:\/\/www.europesays.com\/at\/wp-json\/wp\/v2\/media\/371863"}],"wp:attachment":[{"href":"https:\/\/www.europesays.com\/at\/wp-json\/wp\/v2\/media?parent=371862"}],"wp:term":[{"taxonomy":"category","embeddable":true,"href":"https:\/\/www.europesays.com\/at\/wp-json\/wp\/v2\/categories?post=371862"},{"taxonomy":"post_tag","embeddable":true,"href":"https:\/\/www.europesays.com\/at\/wp-json\/wp\/v2\/tags?post=371862"}],"curies":[{"name":"wp","href":"https:\/\/api.w.org\/{rel}","templated":true}]}}