{"id":371910,"date":"2026-09-03T01:19:17","date_gmt":"2026-09-03T01:19:17","guid":{"rendered":"https:\/\/www.europesays.com\/at\/371910\/"},"modified":"2026-09-03T01:19:17","modified_gmt":"2026-09-03T01:19:17","slug":"evn-uebernimmt-schnellladegeschaeft-von-deutscher-baywa-wienerborse-at","status":"publish","type":"post","link":"https:\/\/www.europesays.com\/at\/371910\/","title":{"rendered":"EVN \u00fcbernimmt Schnellladegesch\u00e4ft von deutscher BayWa &#8211; wienerborse.at"},"content":{"rendered":"<p><a href=\"https:\/\/news.google.com\/rss\/articles\/CBMipAFBVV95cUxNczZoTVUtc3dDY3ltNUNQZFFXQkY4aVF1dEY0NFJVLUJPY2NvZmtINFRhd2xrMTZDQzBpaXlMd3RtTUM4VVQzRXA2YXU1WkxOS01SOEJKajV5ZHNtVWREcGxVTUUxWGJIN21zaFhjUUdQVjJaZ2JFUmJiRGRmY2QxT0Q0TGpHUXE5ZHQ3SXlyVEdaQnBLOGM1Q0pEYnVyd2c1WVRHTQ?oc=5\" target=\"_blank\" rel=\"nofollow noopener\">EVN \u00fcbernimmt Schnellladegesch\u00e4ft von deutscher BayWa<\/a>&nbsp;&nbsp;wienerborse.at<a href=\"https:\/\/news.google.com\/rss\/articles\/CBMisAFBVV95cUxPelZUblRfeEtZNzNhRzFjbjdDb1g1bmVYWDVkYmhZVjlmUV9yckVnWXJkQjdIeEZkbnphZWZMWWpKZjBZSER4emZCZk02aFp1ejNlM1F1VFFIcVRPT0hqbzBVcVBxejgzQ1NUQUNmX3E4VVF0WThlaThmZ0FocEozNHdaWm9mc1p5bkt3ZFJ6WmZKNmVQbzNqb01sOFhXTGJFZUhzTkxIVTJoYkdxUlVoTg?oc=5\" target=\"_blank\" rel=\"nofollow noopener\">EVN kauft BayWa Mobility Charging und steigt in deutschen Lademarkt ein<\/a>&nbsp;&nbsp;heise online<a href=\"https:\/\/news.google.com\/rss\/articles\/CBMipAFBVV95cUxPUllPaGdncEl2R3B0Yi1vQW9WWjg2aUdfeER4WjRLWmJWN0l3Q1h4RVZkTUtuWmhCdTE1R0dUNUEtNlIzQ3JBdjJrX2k2c0VZbS05b1FvSDBoamVncVNWT1ZLcFcya2xhV2ZIR21TcDR5WmpyWjZpSVpCRC1CRExINzd2eVJsMmt2TU1xRXhjVUhQblc0ZmoxWmNjZ0N3eDl6Wl85cQ?oc=5\" target=\"_blank\" rel=\"nofollow noopener\">Baywa findet K\u00e4ufer f\u00fcr das Schnellladegesch\u00e4ft<\/a>&nbsp;&nbsp;B\u00f6rsen-Zeitung<a href=\"https:\/\/news.google.com\/rss\/articles\/CBMirAFBVV95cUxPV0lYeUJJQzUzWWR5TWpWQTBIY3d5NEtMRmNaMzdncTdlUkdDRDVMNnRVZVo4UTJrMFJnY1J1ZVlOaEQwTlNKUy1xdVhNSXIzTVhMcXJ0eG5OV3Q5T3hSSzNnUVZpcElmUjlGOXNoc2hwVjdJTHhhS2lpOWdLdHZnSzkwYnRtWWpxd0VpRnc2VTdmWnRLRDBQMXhzbTRxMGd2WUFiNEk2U0hicnJp?oc=5\" target=\"_blank\" rel=\"nofollow noopener\">EVN kauft E-Ladenetz von BayWa f\u00fcr Deutschland-Expansion: Die Kanzleien<\/a>&nbsp;&nbsp;extrajournal.net<a href=\"https:\/\/news.google.com\/rss\/articles\/CBMiggFBVV95cUxNdXJGdkZIV2tVU3Q0eEgxYkRyUGF0TWxiRWE2Q2JMVmpITk5VNm5TcGZoNmtUcm90dVh3Z0hkaDBoUlpJTTAtLUl4VjRDNmJaS3Bpc3RKNGNxbmZOZHFPWE1Pbk9Wem15RlNnblJDc3cxYlRwTkFJWVZqckpZemdBZVZR?oc=5\" target=\"_blank\" rel=\"nofollow noopener\">EVN \u00fcbernimmt BayWa Mobility Charging in Deutschland<\/a>&nbsp;&nbsp;electrive.net<\/p>\n","protected":false},"excerpt":{"rendered":"EVN \u00fcbernimmt Schnellladegesch\u00e4ft von deutscher BayWa&nbsp;&nbsp;wienerborse.atEVN kauft BayWa Mobility Charging und steigt in deutschen Lademarkt ein&nbsp;&nbsp;heise onlineBaywa findet&hellip;\n","protected":false},"author":2,"featured_media":371911,"comment_status":"","ping_status":"","sticky":false,"template":"","format":"standard","meta":{"footnotes":"","_share_on_mastodon":"0"},"categories":[14],"tags":[46,42,95,90,89,91,94,44,93,92],"class_list":["post-371910","post","type-post","status-publish","format-standard","has-post-thumbnail","category-unternehmen-maerkte","tag-at","tag-austria","tag-business","tag-companies","tag-companies-markets","tag-markets","tag-maerkte","tag-oesterreich","tag-unternehmen","tag-unternehmen-maerkte"],"share_on_mastodon":{"url":"https:\/\/pubeurope.com\/@at\/117204482053799255","error":""},"_links":{"self":[{"href":"https:\/\/www.europesays.com\/at\/wp-json\/wp\/v2\/posts\/371910","targetHints":{"allow":["GET"]}}],"collection":[{"href":"https:\/\/www.europesays.com\/at\/wp-json\/wp\/v2\/posts"}],"about":[{"href":"https:\/\/www.europesays.com\/at\/wp-json\/wp\/v2\/types\/post"}],"author":[{"embeddable":true,"href":"https:\/\/www.europesays.com\/at\/wp-json\/wp\/v2\/users\/2"}],"replies":[{"embeddable":true,"href":"https:\/\/www.europesays.com\/at\/wp-json\/wp\/v2\/comments?post=371910"}],"version-history":[{"count":0,"href":"https:\/\/www.europesays.com\/at\/wp-json\/wp\/v2\/posts\/371910\/revisions"}],"wp:featuredmedia":[{"embeddable":true,"href":"https:\/\/www.europesays.com\/at\/wp-json\/wp\/v2\/media\/371911"}],"wp:attachment":[{"href":"https:\/\/www.europesays.com\/at\/wp-json\/wp\/v2\/media?parent=371910"}],"wp:term":[{"taxonomy":"category","embeddable":true,"href":"https:\/\/www.europesays.com\/at\/wp-json\/wp\/v2\/categories?post=371910"},{"taxonomy":"post_tag","embeddable":true,"href":"https:\/\/www.europesays.com\/at\/wp-json\/wp\/v2\/tags?post=371910"}],"curies":[{"name":"wp","href":"https:\/\/api.w.org\/{rel}","templated":true}]}}