{"id":371916,"date":"2026-09-03T01:22:16","date_gmt":"2026-09-03T01:22:16","guid":{"rendered":"https:\/\/www.europesays.com\/at\/371916\/"},"modified":"2026-09-03T01:22:16","modified_gmt":"2026-09-03T01:22:16","slug":"zum-zweiten-mal-am-selben-tag-erneut-leichtes-erdbeben-im-raum-innsbruck","status":"publish","type":"post","link":"https:\/\/www.europesays.com\/at\/371916\/","title":{"rendered":"Zum zweiten Mal am selben Tag: Erneut leichtes Erdbeben im Raum Innsbruck"},"content":{"rendered":"<p _ngcontent-tt-com-www-c3071245697=\"\" data-cy=\"body\">In der Nacht auf Mittwoch hat zwischen Innsbruck und Wattens die Erde gebebt. Wie der \u00d6sterreichische Erdbebendienst der GeoSphere Austria meldete, hatte das Beben eine St\u00e4rke von 2,6. Es ereignete sich um 2.27 Uhr. Sch\u00e4den an Geb\u00e4uden gab es keine.<\/p>\n<p _ngcontent-tt-com-www-c3071245697=\"\" data-cy=\"body\">Am sp\u00e4teren Nachmittag, gegen 17.30 Uhr, kam es zu einem Nachbeben im Raum Innsbruck und Umgebung. Laut der GeoSphere hatte dieses wohl erneut eine Magnitude von 2,6. Das Beben wurde im Epizentrum deutlich versp\u00fcrt, es ist von einem \u201eGrollen des Untergrundes\u201c berichtet worden.<\/p>\n<p><img _ngcontent-tt-com-www-c861555957=\"\" alt=\"\" width=\"620\" height=\"NaN\" loading=\"lazy\" fetchpriority=\"auto\" decoding=\"auto\" ng-img=\"true\" src=\"https:\/\/processing.tt.com\/image\/assets.tt.com\/im-content\/images\/c889ab71-9c93-5ddf-9798-182e6d9594e4?p=eyJyZXNpemUiOnsid2lkdGgiOjYyMCwiZml0IjoiaW5zaWRlIn0sImZvcm1hdCI6ImF2aWYifQ%3D%3D\"\/><\/p>\n<p>Info: Bei der Uhrzeit auf der Grafik handelt es sich um die Weltzeit UTC. <\/p>\n<p>\u00a9 Screenshot: Geosphere<\/p>\n<p _ngcontent-tt-com-www-c3071245697=\"\" data-cy=\"body\">Fast zeitgleich gab es Mittwochfr\u00fch in Nieder\u00f6sterreich ein Erdbeben. Sechs Kilometer westlich von Ebreichsdorf grollte es um 2.18 Uhr. Das Beben hatte eine St\u00e4rke von 2,5. Im Epizentrum wurde es deutlich versp\u00fcrt. Auch hier gab es laut GeoSphere Austria keine Sch\u00e4den. (TT.com, APA)<\/p>\n","protected":false},"excerpt":{"rendered":"In der Nacht auf Mittwoch hat zwischen Innsbruck und Wattens die Erde gebebt. Wie der \u00d6sterreichische Erdbebendienst der&hellip;\n","protected":false},"author":2,"featured_media":371917,"comment_status":"","ping_status":"","sticky":false,"template":"","format":"standard","meta":{"footnotes":"","_share_on_mastodon":"0"},"categories":[6],"tags":[46,42,93151,40283,5899,193,5317,44,43,45,4286],"class_list":["post-371916","post","type-post","status-publish","format-standard","has-post-thumbnail","category-oesterreich","tag-at","tag-austria","tag-epizentrum","tag-erdbeben","tag-geosphere-austria","tag-innsbruck","tag-natur","tag-oesterreich","tag-republic-of-austria","tag-republik-oesterreich","tag-schaeden"],"share_on_mastodon":{"url":"https:\/\/pubeurope.com\/@at\/117204494958201807","error":""},"_links":{"self":[{"href":"https:\/\/www.europesays.com\/at\/wp-json\/wp\/v2\/posts\/371916","targetHints":{"allow":["GET"]}}],"collection":[{"href":"https:\/\/www.europesays.com\/at\/wp-json\/wp\/v2\/posts"}],"about":[{"href":"https:\/\/www.europesays.com\/at\/wp-json\/wp\/v2\/types\/post"}],"author":[{"embeddable":true,"href":"https:\/\/www.europesays.com\/at\/wp-json\/wp\/v2\/users\/2"}],"replies":[{"embeddable":true,"href":"https:\/\/www.europesays.com\/at\/wp-json\/wp\/v2\/comments?post=371916"}],"version-history":[{"count":0,"href":"https:\/\/www.europesays.com\/at\/wp-json\/wp\/v2\/posts\/371916\/revisions"}],"wp:featuredmedia":[{"embeddable":true,"href":"https:\/\/www.europesays.com\/at\/wp-json\/wp\/v2\/media\/371917"}],"wp:attachment":[{"href":"https:\/\/www.europesays.com\/at\/wp-json\/wp\/v2\/media?parent=371916"}],"wp:term":[{"taxonomy":"category","embeddable":true,"href":"https:\/\/www.europesays.com\/at\/wp-json\/wp\/v2\/categories?post=371916"},{"taxonomy":"post_tag","embeddable":true,"href":"https:\/\/www.europesays.com\/at\/wp-json\/wp\/v2\/tags?post=371916"}],"curies":[{"name":"wp","href":"https:\/\/api.w.org\/{rel}","templated":true}]}}