{"id":371938,"date":"2026-09-03T01:39:16","date_gmt":"2026-09-03T01:39:16","guid":{"rendered":"https:\/\/www.europesays.com\/at\/371938\/"},"modified":"2026-09-03T01:39:16","modified_gmt":"2026-09-03T01:39:16","slug":"ki-boom-treibt-preise-fuer-smartphones-und-konsolen-nach-oben","status":"publish","type":"post","link":"https:\/\/www.europesays.com\/at\/371938\/","title":{"rendered":"KI-Boom treibt Preise f\u00fcr Smartphones und Konsolen nach oben"},"content":{"rendered":"<p>            <img decoding=\"async\" src=\"https:\/\/www.europesays.com\/at\/wp-content\/uploads\/2026\/09\/1788399556_50_.jpg\" id=\"Content_Links_i_profilbild\"\/><br \/>\n            KI-Ausbau f\u00fchrt zu Chip-Engp\u00e4ssen im Konsumg\u00fcterbereich \u00a9 APA &#8211; Austria Presse Agentur<\/p>\n<p>Verbraucherinnen und Verbraucher m\u00fcssen in diesem Jahr mit sp\u00fcrbaren Preissteigerungen und einer geringeren Auswahl bei vielen beliebten Elektronikger\u00e4ten rechnen. Ursache daf\u00fcr ist der weltweite Boom rund um K\u00fcnstliche Intelligenz, der die Halbleiterindustrie tiefgreifend ver\u00e4ndert: Weil Produktionskapazit\u00e4ten f\u00fcr Chips massiv in den Ausbau von Hochleistungsrechenzentren abwandern, werden moderne Prozessoren und schnelle Speichermodule im Konsumg\u00fcterbereich zur Mangelware.<\/p>\n<p>Wie aktuelle Marktzahlen des Marktforschungsunternehmens NIQ zur Unterhaltungselektronik-Messe IFA in Berlin belegen, bekommen Verbraucher diese Verknappung vor allem bei rechenintensiven Produktkategorien wie Smartphones, Notebooks, PCs sowie Gaming-Hardware und Spielekonsolen zu sp\u00fcren. Die Hersteller passen ihre Strategie an die Engp\u00e4sse an, indem sie sich vor allem auf nachfragestarke Konfigurationen wie 256 oder 512 Gigabyte konzentrieren, die Modellvielfalt ausd\u00fcnnen und die Preise anziehen. G\u00fcnstige Einstiegsger\u00e4te k\u00f6nnen unter diesen Rahmenbedingungen kaum noch angeboten werden.<\/p>\n<p>NIQ-Branchenexperte Alexander Dehmel gibt zwar Entwarnung vor einer fl\u00e4chendeckenden Krise wie noch im Jahr 2020, warnt jedoch vor sp\u00fcrbaren Mehrkosten f\u00fcr K\u00e4ufer: F\u00fcr Verbraucher stehe zwar kein genereller Lieferstopp bevor, doch bestimmte Konfigurationen mit hoher Rechenleistung und \u00fcppigen Speicherkapazit\u00e4ten w\u00fcrden sich verteuern oder seien zeitweise nur mit l\u00e4ngeren Wartezeiten verf\u00fcgbar.<\/p>\n","protected":false},"excerpt":{"rendered":"KI-Ausbau f\u00fchrt zu Chip-Engp\u00e4ssen im Konsumg\u00fcterbereich \u00a9 APA &#8211; Austria Presse Agentur Verbraucherinnen und Verbraucher m\u00fcssen in diesem&hellip;\n","protected":false},"author":2,"featured_media":371939,"comment_status":"","ping_status":"","sticky":false,"template":"","format":"standard","meta":{"footnotes":"","_share_on_mastodon":"0"},"categories":[14],"tags":[46,42,95,90,89,91,94,44,93,92],"class_list":["post-371938","post","type-post","status-publish","format-standard","has-post-thumbnail","category-unternehmen-maerkte","tag-at","tag-austria","tag-business","tag-companies","tag-companies-markets","tag-markets","tag-maerkte","tag-oesterreich","tag-unternehmen","tag-unternehmen-maerkte"],"share_on_mastodon":{"url":"https:\/\/pubeurope.com\/@at\/117204561062732256","error":""},"_links":{"self":[{"href":"https:\/\/www.europesays.com\/at\/wp-json\/wp\/v2\/posts\/371938","targetHints":{"allow":["GET"]}}],"collection":[{"href":"https:\/\/www.europesays.com\/at\/wp-json\/wp\/v2\/posts"}],"about":[{"href":"https:\/\/www.europesays.com\/at\/wp-json\/wp\/v2\/types\/post"}],"author":[{"embeddable":true,"href":"https:\/\/www.europesays.com\/at\/wp-json\/wp\/v2\/users\/2"}],"replies":[{"embeddable":true,"href":"https:\/\/www.europesays.com\/at\/wp-json\/wp\/v2\/comments?post=371938"}],"version-history":[{"count":0,"href":"https:\/\/www.europesays.com\/at\/wp-json\/wp\/v2\/posts\/371938\/revisions"}],"wp:featuredmedia":[{"embeddable":true,"href":"https:\/\/www.europesays.com\/at\/wp-json\/wp\/v2\/media\/371939"}],"wp:attachment":[{"href":"https:\/\/www.europesays.com\/at\/wp-json\/wp\/v2\/media?parent=371938"}],"wp:term":[{"taxonomy":"category","embeddable":true,"href":"https:\/\/www.europesays.com\/at\/wp-json\/wp\/v2\/categories?post=371938"},{"taxonomy":"post_tag","embeddable":true,"href":"https:\/\/www.europesays.com\/at\/wp-json\/wp\/v2\/tags?post=371938"}],"curies":[{"name":"wp","href":"https:\/\/api.w.org\/{rel}","templated":true}]}}