{"id":371944,"date":"2026-09-03T01:42:13","date_gmt":"2026-09-03T01:42:13","guid":{"rendered":"https:\/\/www.europesays.com\/at\/371944\/"},"modified":"2026-09-03T01:42:13","modified_gmt":"2026-09-03T01:42:13","slug":"lkw-kippt-auf-l212-um-lenker-bei-unfall-verletzt","status":"publish","type":"post","link":"https:\/\/www.europesays.com\/at\/371944\/","title":{"rendered":"Lkw kippt auf L212 um: Lenker bei Unfall verletzt"},"content":{"rendered":"<p class=\"wp-block-paragraph\">Ein Verkehrsunfall mit einem Lkw hat am Mittwochmorgen f\u00fcr einen gr\u00f6\u00dferen Einsatz in Aschau am Ottersbach gesorgt. Das Schwerfahrzeug kam auf der L212, der H\u00f6llgrundstra\u00dfe, von seiner Fahrt ab und blieb seitlich quer \u00fcber die Fahrbahn liegen. Der Lenker wurde unbestimmten Grades verletzt und mit dem Rettungshubschrauber in ein Krankenhaus gebracht. Gegen 8.24 Uhr wurden die Freiwilligen Feuerwehren Aschau am Ottersbach und St. Stefan im Rosental zun\u00e4chst zu einem Verkehrsunfall alarmiert. Der aus Richtung St. Stefan im Rosental kommende Lkw war auf der L212 verunfallt und auf die Seite gekippt.<\/p>\n<p>\n   &#13;\n<\/p>\n<p>Lenker konnte sich selbst befreien<\/p>\n<p class=\"wp-block-paragraph\">Als die Feuerwehr Aschau am Ottersbach als erste Einsatzkraft am Unfallort eintraf, hatte sich der Lenker bereits selbst aus dem F\u00fchrerhaus befreien k\u00f6nnen. Er befand sich oberhalb der Fahrerkabine. Beim Eintreffen der Feuerwehr St. Stefan im Rosental war auch das Rote Kreuz bereits vor Ort und versorgte den Verletzten. F\u00fcr die weitere Rettung arbeiteten die beiden Feuerwehren gemeinsam. Mithilfe einer Korbtrage und einer Rettungsplattform wurde der Verletzte geborgen. Anschlie\u00dfend wurde er mit dem Rettungshubschrauber zur weiteren medizinischen Versorgung in ein Krankenhaus geflogen. Nach Angaben der Feuerwehr erlitt er Verletzungen unbestimmten Grades.<\/p>\n<p>L212 f\u00fcr Bergung gesperrt<\/p>\n<p class=\"wp-block-paragraph\">Die Einsatzkr\u00e4fte sicherten au\u00dferdem ausgetretene beziehungsweise gef\u00e4hrdete Betriebsmittel des Lkw und banden diese. Die Bergung des umgest\u00fcrzten Schwerfahrzeuges soll im Laufe des Tages durch eine Spezialfirma aus Graz erfolgen. Bis zum Abschluss der Bergungsarbeiten bleibt die L212 im Bereich der Unfallstelle gesperrt. Insgesamt standen die Feuerwehren Aschau am Ottersbach und St. Stefan im Rosental mit 22 Einsatzkr\u00e4ften im Einsatz. Au\u00dferdem waren Polizei, Rotes Kreuz, Rettungshubschrauber und Stra\u00dfenmeisterei vor Ort. Die genaue Ursache des Unfalls wurde in der Mitteilung nicht genannt.<\/p>\n<p>\n\t\t\t\t\t\t\tHinweis: Dieser Beitrag wurde am 02.09.2026 um 20:21 Uhr aktualisiert\n\t\t\t\t\t\t<\/p>\n","protected":false},"excerpt":{"rendered":"Ein Verkehrsunfall mit einem Lkw hat am Mittwochmorgen f\u00fcr einen gr\u00f6\u00dferen Einsatz in Aschau am Ottersbach gesorgt. Das&hellip;\n","protected":false},"author":2,"featured_media":371945,"comment_status":"","ping_status":"","sticky":false,"template":"","format":"standard","meta":{"footnotes":"","_share_on_mastodon":"0"},"categories":[6],"tags":[46,42,44,43,45],"class_list":["post-371944","post","type-post","status-publish","format-standard","has-post-thumbnail","category-oesterreich","tag-at","tag-austria","tag-oesterreich","tag-republic-of-austria","tag-republik-oesterreich"],"share_on_mastodon":{"url":"https:\/\/pubeurope.com\/@at\/117204572100761654","error":""},"_links":{"self":[{"href":"https:\/\/www.europesays.com\/at\/wp-json\/wp\/v2\/posts\/371944","targetHints":{"allow":["GET"]}}],"collection":[{"href":"https:\/\/www.europesays.com\/at\/wp-json\/wp\/v2\/posts"}],"about":[{"href":"https:\/\/www.europesays.com\/at\/wp-json\/wp\/v2\/types\/post"}],"author":[{"embeddable":true,"href":"https:\/\/www.europesays.com\/at\/wp-json\/wp\/v2\/users\/2"}],"replies":[{"embeddable":true,"href":"https:\/\/www.europesays.com\/at\/wp-json\/wp\/v2\/comments?post=371944"}],"version-history":[{"count":0,"href":"https:\/\/www.europesays.com\/at\/wp-json\/wp\/v2\/posts\/371944\/revisions"}],"wp:featuredmedia":[{"embeddable":true,"href":"https:\/\/www.europesays.com\/at\/wp-json\/wp\/v2\/media\/371945"}],"wp:attachment":[{"href":"https:\/\/www.europesays.com\/at\/wp-json\/wp\/v2\/media?parent=371944"}],"wp:term":[{"taxonomy":"category","embeddable":true,"href":"https:\/\/www.europesays.com\/at\/wp-json\/wp\/v2\/categories?post=371944"},{"taxonomy":"post_tag","embeddable":true,"href":"https:\/\/www.europesays.com\/at\/wp-json\/wp\/v2\/tags?post=371944"}],"curies":[{"name":"wp","href":"https:\/\/api.w.org\/{rel}","templated":true}]}}