{"id":371951,"date":"2026-09-03T01:47:34","date_gmt":"2026-09-03T01:47:34","guid":{"rendered":"https:\/\/www.europesays.com\/at\/371951\/"},"modified":"2026-09-03T01:47:34","modified_gmt":"2026-09-03T01:47:34","slug":"chl-comeback-auf-meister-graz-wartet-gleich-ein-kracher","status":"publish","type":"post","link":"https:\/\/www.europesays.com\/at\/371951\/","title":{"rendered":"CHL-Comeback: Auf Meister Graz wartet gleich ein \u201eKracher\u201c"},"content":{"rendered":"<p>win2day ICE Hockey League<\/p>\n<p>\t\t\t02.09.2026, 09:16<br \/>\n\t\t\t\t\t\t\t\t\t\t\t\t\u2022<\/p>\n<p>(APA) \/ Foto: IMAGO<\/p>\n<p>W\u00e4hrend der KAC und Red Bull Salzburg in der <a href=\"https:\/\/www.skysportaustria.at\/eishockey\/\" rel=\"nofollow noopener\" target=\"_blank\">Champions Hockey League (CHL)<\/a> l\u00e4ngst zum Inventar z\u00e4hlen, nimmt Eishockey-Meister Graz99ers erst zum zweiten Mal in der Clubgeschichte am europ\u00e4ischen Prestigebewerb teil. Die Grazer starten am Donnerstag (18.30 Uhr) gegen niemand Geringeren als den Schweizer Meister Fribourg-Gotteron. Sechs Partien sind im Grunddurchgang zu absolvieren. \u201eUnser Ziel ist, dass wir aufsteigen\u201c, erkl\u00e4rte 99ers-Pr\u00e4sident Herbert Jerich.<\/p>\n<p>16 der insgesamt 24 Mannschaften ziehen in die K.o.-Phase ein, die im November beginnt. Bei der bisher einzigen CHL-Teilnahme vor sieben Jahren waren die 99ers in der Gruppenphase h\u00e4ngengeblieben. Zum Auftakt wartet mit Fribourg-Gotteron ein \u201eKracher\u201c, wie es Jerich formulierte. \u201eIn der Schweizer Liga muss man erst einmal Meister werden. Aber wir scheuen nicht zur\u00fcck, wir springen ins kalte Wasser.\u201c Mit einer guten Goalie-Leistung sei eine \u00dcberraschung nicht ausgeschlossen.<\/p>\n<p>Mehr rechnen sich die Steirer im zweiten Heimspiel am Samstag gegen Frankreichs Champion Boxers de Bordeaux aus. \u201eWenn wir unser Ziel Aufstieg verfolgen wollen, ist das fast schon ein Pflichtsieg\u201c, meinte Jerich. Voraussetzung sei das Weiterkommen aber keineswegs. \u201eEs ist eine Lernphase f\u00fcr die Leute, wir machen das langfristig.\u201c Die CHL sei zwar eine Doppelbelastung. \u201eWir sehen das aber nicht als Nachteil, wir sind stolz und haben uns das verdient. Vielleicht bist du dann auch bei Saisonstart besser in Schuss.\u201c<\/p>\n<p>Meister mit niedrigerem Budget<\/p>\n<p>Die Spielzeit in der heimischen ICE Hockey League beginnt am 18. September. Das 99ers-Budget sei laut Jerich um einen signifikanten sechsstelligen Betrag geringer als in der Vorsaison. Man k\u00f6nne bei Bedarf im Saisonverlauf aber nachlegen. \u201eMit uns ist wieder zu rechnen\u201c, betonte Jerich. Der Club verf\u00fcge \u00fcber ein junges Team, dem m\u00f6glicherweise noch etwas Erfahrung fehle. \u201eDie Qualit\u00e4t ist aber sicher nicht schlechter als letztes Jahr.\u201c<\/p>\n<p>Mut macht den Grazern der Verbleib von Chefcoach Dan Lacroix. Der Kanadier war unter anderem mit dem deutschen Serienmeister Eisb\u00e4ren Berlin in Verbindung gebracht worden, bei dem die 99ers n\u00e4chsten Donnerstag (11. September) in ihrem ersten CHL-Ausw\u00e4rtsspiel gastieren. \u201eEs war sehr eng. Hinter den Kulissen war gef\u00fchlt halb Europa hinter ihm her\u201c, schilderte Jerich. \u201eDer Trainer ist viel wert, er macht das Team einfach besser.\u201c<\/p>\n<p>Salzburgs Neo-Trainer sieht \u201eviel Charakter\u201c<\/p>\n<p>Mit einem neuen Cheftrainer startet Salzburg in die CHL. Der Kanadier Alan Letang hat die Nachfolge seines Landsmannes Manny Viveiros angetreten, von dem sich die Bullen nach dem entt\u00e4uschenden Viertelfinal-Aus in der heimischen Meisterschaft getrennt hatten. Viermal in Serie hatten sie zuvor den ICE-Titel eingefahren. Letang soll das Schiff wieder auf Kurs bringen. \u201eWir haben viel Charakter in der Kabine, der sich auch in schwierigen Momenten zeigt\u201c, meinte der 50-J\u00e4hrige.<\/p>\n<p>Zum CHL-Auftakt empfangen die Salzburger am Donnerstag (19.15 Uhr) die K\u00f6lner Haie. Auch Berlin ist am 7. Oktober noch in der Mozartstadt zu Gast. \u201eUnsere Regular-Season-Gegner haben es in sich\u201c, betonte Letang. \u201eAllein schon gegen diese Teams zu spielen, erh\u00f6ht unser Wettkampflevel.\u201c Zudem haben die Salzburger eine gute CHL-Bilanz zu verteidigen: In bisher elf Saisonen haben sie nur einmal kein K.o.-Spiel bestritten. H\u00f6hepunkt war der Halbfinal-Einzug 2018\/19.<\/p>\n<p>KAC mit Assistenzcoach Brandner<\/p>\n<p>Kein Team spielte \u00f6fter in der europ\u00e4ischen Liga als die Salzburger, die seit Einf\u00fchrung nur eine Saison verpassten. F\u00fcr den KAC ist es die siebente Teilnahme. In die K.o.-Phase haben es die Klagenfurter bisher nur 2021\/22 geschafft. Der Rekordmeister startet am Donnerstag und Samstag (jeweils 19.15 Uhr) mit einem Heimdoppel gegen Bordeaux und Fribourg-Gotteron. Mit dem fr\u00fcheren NHL-Profi Christoph Brandner ist ein prominenter Name neu als Co-Trainer mit an Bord.<\/p>\n<p>Nach dem Aus im ICE-Viertelfinale gegen Szekesfehervar brennen die \u201eRotjacken\u201c auf Wiedergutmachung. Drei von vier Testspielen haben sie gewonnen. \u201eWir Trainer sind happy, dass die Struktur in unserem Spiel insgesamt schon gut funktioniert\u201c, sagte Brandner nach der Vorbereitung. Bei den KAC-Cracks steht der 51-j\u00e4hrige Ex-St\u00fcrmer, 2003 \u00d6sterreichs erster Torsch\u00fctze in der nordamerikanischen Profiliga, hoch im Kurs. \u201eJeder hat gro\u00dfen Respekt vor ihm\u201c, sagte Abwehrchef Clemens Unterweger. \u201eIm taktischen Bereich ist er top ausgebildet.\u201c<\/p>\n<p><a class=\"ad-msg\" href=\"https:\/\/www.sky.at\/angebote?wkz=AWDSL24&amp;eml=atbac:2026_Sky_Trade_Sport_SSA_Textlink\" target=\"_blank\" rel=\"nofollow noopener\"><img loading=\"lazy\" decoding=\"async\" width=\"640\" height=\"213\" src=\"https:\/\/www.europesays.com\/at\/wp-content\/uploads\/2026\/09\/1788400054_163_Sport_Kampagne_900x300.jpg\" class=\"ad-msg__image ad-msg__image--mobile\" alt=\"Werbung\"  \/><\/a><\/p>\n","protected":false},"excerpt":{"rendered":"win2day ICE Hockey League 02.09.2026, 09:16 \u2022 (APA) \/ Foto: IMAGO W\u00e4hrend der KAC und Red Bull Salzburg&hellip;\n","protected":false},"author":2,"featured_media":371952,"comment_status":"","ping_status":"","sticky":false,"template":"","format":"standard","meta":{"footnotes":"","_share_on_mastodon":"0"},"categories":[29],"tags":[46,42,55736,55729,93152,2861,183,15833,44],"class_list":["post-371951","post","type-post","status-publish","format-standard","has-post-thumbnail","category-graz","tag-at","tag-austria","tag-champions-hockey-league","tag-chl","tag-ec-kac","tag-ec-red-bull-salzburg","tag-graz","tag-graz-99ers","tag-oesterreich"],"share_on_mastodon":{"url":"https:\/\/pubeurope.com\/@at\/117204592400433263","error":""},"_links":{"self":[{"href":"https:\/\/www.europesays.com\/at\/wp-json\/wp\/v2\/posts\/371951","targetHints":{"allow":["GET"]}}],"collection":[{"href":"https:\/\/www.europesays.com\/at\/wp-json\/wp\/v2\/posts"}],"about":[{"href":"https:\/\/www.europesays.com\/at\/wp-json\/wp\/v2\/types\/post"}],"author":[{"embeddable":true,"href":"https:\/\/www.europesays.com\/at\/wp-json\/wp\/v2\/users\/2"}],"replies":[{"embeddable":true,"href":"https:\/\/www.europesays.com\/at\/wp-json\/wp\/v2\/comments?post=371951"}],"version-history":[{"count":0,"href":"https:\/\/www.europesays.com\/at\/wp-json\/wp\/v2\/posts\/371951\/revisions"}],"wp:featuredmedia":[{"embeddable":true,"href":"https:\/\/www.europesays.com\/at\/wp-json\/wp\/v2\/media\/371952"}],"wp:attachment":[{"href":"https:\/\/www.europesays.com\/at\/wp-json\/wp\/v2\/media?parent=371951"}],"wp:term":[{"taxonomy":"category","embeddable":true,"href":"https:\/\/www.europesays.com\/at\/wp-json\/wp\/v2\/categories?post=371951"},{"taxonomy":"post_tag","embeddable":true,"href":"https:\/\/www.europesays.com\/at\/wp-json\/wp\/v2\/tags?post=371951"}],"curies":[{"name":"wp","href":"https:\/\/api.w.org\/{rel}","templated":true}]}}