{"id":371963,"date":"2026-09-03T01:58:07","date_gmt":"2026-09-03T01:58:07","guid":{"rendered":"https:\/\/www.europesays.com\/at\/371963\/"},"modified":"2026-09-03T01:58:07","modified_gmt":"2026-09-03T01:58:07","slug":"wirtschaftskammer-startet-mit-jobabbau-200-mitarbeiter-beim-ams-angemeldet","status":"publish","type":"post","link":"https:\/\/www.europesays.com\/at\/371963\/","title":{"rendered":"Wirtschaftskammer startet mit Jobabbau: 200 Mitarbeiter beim AMS angemeldet"},"content":{"rendered":"<p _ngcontent-tt-com-www-c3071245697=\"\" data-cy=\"body\">Im Rahmen ihrer Reform hat die Wirtschaftskammer \u00d6sterreich (WK\u00d6) am Mittwoch mit dem im Juni angek\u00fcndigten Stellenabbau begonnen. 200 Mitarbeiter wurden beim Arbeitsmarktservice zur K\u00fcndigung angemeldet, sagte ein WK\u00d6-Sprecher. F\u00fcr die Betroffenen wurde laut einer Information des Betriebsrats ein Sozialplan vereinbart, der unter anderem freiwillige Abfertigungen vorsieht.<\/p>\n<p _ngcontent-tt-com-www-c3071245697=\"\" data-cy=\"body\">Wie viele Stellen in welcher Form abgebaut werden \u2013 ob \u00fcber K\u00fcndigungen oder beispielsweise \u00fcber nicht nachbesetzte Pensionierungen \u2013 sei noch offen, \u201eda auch nat\u00fcrliche Fluktuationen, die bis 2030 stattfinden bzw. freiwillige andere L\u00f6sungen ber\u00fccksichtigt werden\u201c, sagte WK\u00d6-Betriebsratsvorsitzender Reinhard Kopf im \u201e\u00d61-Mittagsjournal\u201c. Betroffen seien fast alle Abteilungen in der WK\u00d6, hie\u00df es in dem Bericht.<\/p>\n<p _ngcontent-tt-com-www-c3071245697=\"\" data-cy=\"body\">F\u00fcr die Betroffenen wurde mit dem Betriebsrat ein Sozialplan vereinbart. Dieser sieht unter anderem neben den gesetzlichen Abfertigungen freiwillige Abfertigungszahlungen vor. Die H\u00f6he dieser Zahlung h\u00e4nge von der jeweiligen Situation jedes einzelnen Mitarbeiters ab \u2013 unter anderem davon, wie leicht dieser am Arbeitsmarkt wieder Fu\u00df fassen kann, sagte Kopf. Auch Weiterbildungen und Umschulungen sollen \u00fcber den Sozialplan mitfinanziert werden k\u00f6nnen.<\/p>\n<p _ngcontent-tt-com-www-c3071245697=\"\" data-cy=\"body\">WK\u00d6-Pr\u00e4sidentin Martha Schultz hatte bereits im Juni vor dem WK\u00d6-Pr\u00e4sidium ihren Plan konkretisiert, wie sie die angek\u00fcndigten Einsparungen von 100 Mio. Euro j\u00e4hrlich ab 2030 umsetzen will. So werden laut damaligen Kammerangaben in der Bundeskammer in Wien 200 von 800 Stellen bis Ende 2027 abgebaut. <\/p>\n<p _ngcontent-tt-com-www-c3071245697=\"\" data-cy=\"body\">Lehrlinge und Trainees sind nicht betroffen. Das gilt auch f\u00fcr Mitarbeiterinnen und Mitarbeiter von den rechtlich selbstst\u00e4ndigen Fachverb\u00e4nden sowie T\u00f6chtern der WK\u00d6. Neben der Bundeskammer gibt es neun L\u00e4nderkammern, die ebenfalls sparen m\u00fcssen. (APA, TT)<\/p>\n","protected":false},"excerpt":{"rendered":"Im Rahmen ihrer Reform hat die Wirtschaftskammer \u00d6sterreich (WK\u00d6) am Mittwoch mit dem im Juni angek\u00fcndigten Stellenabbau begonnen.&hellip;\n","protected":false},"author":2,"featured_media":371964,"comment_status":"","ping_status":"","sticky":false,"template":"","format":"standard","meta":{"footnotes":"","_share_on_mastodon":"0"},"categories":[14],"tags":[93157,46,42,95,90,89,72056,93159,91,94,18453,44,6778,93156,93158,44616,93,92,182,21137],"class_list":["post-371963","post","type-post","status-publish","format-standard","has-post-thumbnail","category-unternehmen-maerkte","tag-arbeitsmarktservice","tag-at","tag-austria","tag-business","tag-companies","tag-companies-markets","tag-jobabbau","tag-kuendigungen","tag-markets","tag-maerkte","tag-martha-schultz","tag-oesterreich","tag-reform","tag-reinhard-kopf","tag-sozialplan","tag-sparpaket","tag-unternehmen","tag-unternehmen-maerkte","tag-wien","tag-wirtschaftskammer-oesterreich"],"share_on_mastodon":{"url":"https:\/\/pubeurope.com\/@at\/117204635284484882","error":""},"_links":{"self":[{"href":"https:\/\/www.europesays.com\/at\/wp-json\/wp\/v2\/posts\/371963","targetHints":{"allow":["GET"]}}],"collection":[{"href":"https:\/\/www.europesays.com\/at\/wp-json\/wp\/v2\/posts"}],"about":[{"href":"https:\/\/www.europesays.com\/at\/wp-json\/wp\/v2\/types\/post"}],"author":[{"embeddable":true,"href":"https:\/\/www.europesays.com\/at\/wp-json\/wp\/v2\/users\/2"}],"replies":[{"embeddable":true,"href":"https:\/\/www.europesays.com\/at\/wp-json\/wp\/v2\/comments?post=371963"}],"version-history":[{"count":0,"href":"https:\/\/www.europesays.com\/at\/wp-json\/wp\/v2\/posts\/371963\/revisions"}],"wp:featuredmedia":[{"embeddable":true,"href":"https:\/\/www.europesays.com\/at\/wp-json\/wp\/v2\/media\/371964"}],"wp:attachment":[{"href":"https:\/\/www.europesays.com\/at\/wp-json\/wp\/v2\/media?parent=371963"}],"wp:term":[{"taxonomy":"category","embeddable":true,"href":"https:\/\/www.europesays.com\/at\/wp-json\/wp\/v2\/categories?post=371963"},{"taxonomy":"post_tag","embeddable":true,"href":"https:\/\/www.europesays.com\/at\/wp-json\/wp\/v2\/tags?post=371963"}],"curies":[{"name":"wp","href":"https:\/\/api.w.org\/{rel}","templated":true}]}}