{"id":371975,"date":"2026-09-03T02:04:08","date_gmt":"2026-09-03T02:04:08","guid":{"rendered":"https:\/\/www.europesays.com\/at\/371975\/"},"modified":"2026-09-03T02:04:08","modified_gmt":"2026-09-03T02:04:08","slug":"er-ist-die-grosse-ueberraschung-der-bisherigen-salzburg-saison","status":"publish","type":"post","link":"https:\/\/www.europesays.com\/at\/371975\/","title":{"rendered":"Er ist die gro\u00dfe \u00dcberraschung der bisherigen Salzburg-Saison"},"content":{"rendered":"<p>Die bisherige Saison des <a href=\"https:\/\/www.laola1.at\/de\/daten\/news\/fussball\/fc-red-bull-salzburg\/\" class=\"tag\" rel=\"nofollow noopener\" target=\"_blank\">FC Red Bull Salzburg<\/a> hatte bereits die ein oder andere positive \u00dcberraschung parat.<\/p>\n<p>Die gr\u00f6\u00dfte davon h\u00f6rt aber mit Sicherheit auf den Namen Valentin Zabransky.<\/p>\n<p>H\u00e4tte der Wiener es selbst glauben k\u00f6nnen, wenn man ihm vor der Saison gesagt h\u00e4tte, dass er nach zehn absolvierten Pflichtspielen mehr oder weniger unumstrittener Stammspieler bei den &#8222;Bullen&#8220; sein w\u00fcrde?<\/p>\n<p>&#8222;Nein, tats\u00e4chlich nicht. Es ist eine Riesenerfahrung f\u00fcr mich. Ich versuche, jedes Spiel mein Bestes zu geben, und bin gl\u00fccklich, dass der Trainer auf mich setzt&#8220;, so der Innenverteidiger.<\/p>\n<p>R\u00f6hl: &#8222;In unserem Kopf war er noch nicht so weit&#8220;<\/p>\n<p>Besagter Trainer hei\u00dft bekanntlich Danny R\u00f6hl und gibt zu, dass Zabransky urspr\u00fcnglich nur als Innenverteidiger Nummer vier bis f\u00fcnf eingeplant gewesen w\u00e4re: &#8222;In unserem Kopf war er noch nicht so weit. Aber in den letzten zehn Wochen hat er eine unglaubliche Entwicklung genommen.&#8220;<\/p>\n<p>Beg\u00fcnstigt von den Verletzungen von Tim Drexler und John Mellberg durfte der 19-J\u00e4hrige in der Sommervorbereitung viele Spielminuten sammeln und \u00fcberzeugte an der Seite des robusten Kevin Boma speziell aufgrund seiner Spieler\u00f6ffnung &#8211; die kann er n\u00e4mlich mit beiden Beinen richtig gut.<\/p>\n<p>Zabransky: &#8222;&#8230;das ist eine riesengro\u00dfe Waffe von mir&#8220;<\/p>\n<p>&#8222;Es ist ungew\u00f6hnlich f\u00fcr einen Rechtsfu\u00df, so mit links aufbauen zu k\u00f6nnen&#8220;, staunt R\u00f6hl.<\/p>\n<p>Zabransky selbst sagt dazu: &#8222;Mir ist es egal, ob ich den Ball mit links oder rechts spiele &#8211; ich kann beides. Das ist nat\u00fcrlich eine riesengro\u00dfe Waffe von mir.&#8220;<\/p>\n<p>Insgesamt sei der 1,93-Meter-H\u00fcne &#8222;ein sehr kompletter Spieler, der ganz schnell sehr viele Sachen richtig macht&#8220;, so R\u00f6hl. Zudem sei er &#8222;mutig. Er sieht die R\u00e4ume nicht nur ballnah sondern auch die in der n\u00e4chsten Linie.&#8220;<\/p>\n<p>Der \u00d6FB-U19-Teamspieler kann sich f\u00fcr sein Alter recht eloquent ausdr\u00fccken und wirkt extrem reif. &#8222;So war ich schon immer und werde ich immer sein. Das zeichnet mich auch ein bisschen aus&#8220;, grinst Zabransky.<\/p>\n<p>Vorbild Jannik Schuster<\/p>\n<p>Erst k\u00fcrzlich hat mit Jannik Schuster ein \u00f6sterreichischer Innenverteidiger aus dem eigenen Nachwuchs eine rasante Entwicklung in Salzburg hingelegt. Der Tiroler wechselte in diesem Sommer zum FC Brentford in die <a href=\"https:\/\/www.laola1.at\/de\/daten\/news\/fussball\/premier-league\/\" class=\"tag\" rel=\"nofollow noopener\" target=\"_blank\">Premier League<\/a>.<\/p>\n<p>&#8222;Der Weg, den Jannik gegangen ist, ist nat\u00fcrlich ein Wahnsinn. Aber ich will mich nicht zu sehr auf die Zukunft konzentrieren. Ich bin im Hier und Jetzt, gebe jedes Spiel mein Bestes und dann werden wir sehen, was kommt&#8220;, so der &#8222;Bullen&#8220;-Durchstarter.<\/p>\n","protected":false},"excerpt":{"rendered":"Die bisherige Saison des FC Red Bull Salzburg hatte bereits die ein oder andere positive \u00dcberraschung parat. Die&hellip;\n","protected":false},"author":2,"featured_media":371976,"comment_status":"","ping_status":"","sticky":false,"template":"","format":"standard","meta":{"footnotes":"","_share_on_mastodon":"0"},"categories":[31],"tags":[1069,46,42,61128,1061,964,10152,35216,65956,7902,44,192,19951,10155,75265],"class_list":["post-371975","post","type-post","status-publish","format-standard","has-post-thumbnail","category-salzburg","tag-admiral-bundesliga","tag-at","tag-austria","tag-danny-roehl","tag-fc-red-bull-salzburg","tag-fussball","tag-jannik-schuster","tag-john-mellberg","tag-kevin-boma","tag-laola1","tag-oesterreich","tag-salzburg","tag-simon-urhofer","tag-tim-drexler","tag-valentin-zabransky"],"share_on_mastodon":{"url":"https:\/\/pubeurope.com\/@at\/117204658591969720","error":""},"_links":{"self":[{"href":"https:\/\/www.europesays.com\/at\/wp-json\/wp\/v2\/posts\/371975","targetHints":{"allow":["GET"]}}],"collection":[{"href":"https:\/\/www.europesays.com\/at\/wp-json\/wp\/v2\/posts"}],"about":[{"href":"https:\/\/www.europesays.com\/at\/wp-json\/wp\/v2\/types\/post"}],"author":[{"embeddable":true,"href":"https:\/\/www.europesays.com\/at\/wp-json\/wp\/v2\/users\/2"}],"replies":[{"embeddable":true,"href":"https:\/\/www.europesays.com\/at\/wp-json\/wp\/v2\/comments?post=371975"}],"version-history":[{"count":0,"href":"https:\/\/www.europesays.com\/at\/wp-json\/wp\/v2\/posts\/371975\/revisions"}],"wp:featuredmedia":[{"embeddable":true,"href":"https:\/\/www.europesays.com\/at\/wp-json\/wp\/v2\/media\/371976"}],"wp:attachment":[{"href":"https:\/\/www.europesays.com\/at\/wp-json\/wp\/v2\/media?parent=371975"}],"wp:term":[{"taxonomy":"category","embeddable":true,"href":"https:\/\/www.europesays.com\/at\/wp-json\/wp\/v2\/categories?post=371975"},{"taxonomy":"post_tag","embeddable":true,"href":"https:\/\/www.europesays.com\/at\/wp-json\/wp\/v2\/tags?post=371975"}],"curies":[{"name":"wp","href":"https:\/\/api.w.org\/{rel}","templated":true}]}}