{"id":371981,"date":"2026-09-03T02:07:18","date_gmt":"2026-09-03T02:07:18","guid":{"rendered":"https:\/\/www.europesays.com\/at\/371981\/"},"modified":"2026-09-03T02:07:18","modified_gmt":"2026-09-03T02:07:18","slug":"verdaechtiger-nach-drogenfund-in-wien-festgenommen","status":"publish","type":"post","link":"https:\/\/www.europesays.com\/at\/371981\/","title":{"rendered":"Verd\u00e4chtiger nach Drogenfund in Wien festgenommen"},"content":{"rendered":"<p>        <img decoding=\"async\" src=\"https:\/\/www.europesays.com\/at\/wp-content\/uploads\/2026\/09\/63690011494831874_BLD_Online.jpg\" data-fullscreen-src=\"https:\/\/www.noen.at\/image\/3840x0-jpg\/6609838\/63690011494831874_BLD_Online.jpg\" bad-src=\"https:\/\/www.europesays.com\/at\/wp-content\/uploads\/2026\/09\/63690011494831874_BLD_Online.jpg\" data-teaser-member=\"image\" alt=\"Der Verd\u00e4chtige wurde festgenommen\"\/><\/p>\n<p>\n                Der Verd\u00e4chtige wurde festgenommen            <\/p>\n<p>\n                Foto:<br \/>\n                APA\/dpa                            <\/p>\n<p>\n        In Wien ist am Montag ein mutma\u00dflicher Drogenh\u00e4ndler mit rund 2,2 Kilogramm Kokain in einer Tragetasche erwischt worden. Der 29-J\u00e4hrige war von der Polizei nach Hinweisen observiert worden, aufgrund seines verd\u00e4chtigen Verhaltens wurde er von den Beamten kontrolliert. Der Verd\u00e4chtige unternahm zwar einen Fluchtversuch zu Fu\u00df, die Beamten lie\u00dfen ihn aber nicht entkommen und fanden in der Tasche neben den Kokainbl\u00f6cken mehrere tausend Euro Bargeld, teilte die Polizei mit.    <\/p>\n<p>Nach der Festnahme des Serben in Hernals durchsuchte die Polizei eine vom Tatverd\u00e4chtigen genutzte Wohnung am Keplerplatz in Favoriten. Dort stellten die Beamten zus\u00e4tzlich rund 4,7 Kilogramm Marihuana, etwa 147 Gramm Kokain sowie eine weitere vierstellige Bargeldsumme sicher. Der Mann \u00e4u\u00dferte sich nicht zu den Vorw\u00fcrfen, nach Mitt\u00e4tern wird gesucht. Das Landeskriminalamt Wien ermittelt.<\/p>\n","protected":false},"excerpt":{"rendered":"Der Verd\u00e4chtige wurde festgenommen Foto: APA\/dpa In Wien ist am Montag ein mutma\u00dflicher Drogenh\u00e4ndler mit rund 2,2 Kilogramm&hellip;\n","protected":false},"author":2,"featured_media":371982,"comment_status":"","ping_status":"","sticky":false,"template":"","format":"standard","meta":{"footnotes":"","_share_on_mastodon":"0"},"categories":[28],"tags":[277,2026,46,42,633,899,889,44,181,182],"class_list":["post-371981","post","type-post","status-publish","format-standard","has-post-thumbnail","category-wien","tag-_apafeed","tag-_isshort","tag-at","tag-austria","tag-drogen","tag-ermittlung","tag-festnahme","tag-oesterreich","tag-vienna","tag-wien"],"share_on_mastodon":{"url":"https:\/\/pubeurope.com\/@at\/117204671620994412","error":""},"_links":{"self":[{"href":"https:\/\/www.europesays.com\/at\/wp-json\/wp\/v2\/posts\/371981","targetHints":{"allow":["GET"]}}],"collection":[{"href":"https:\/\/www.europesays.com\/at\/wp-json\/wp\/v2\/posts"}],"about":[{"href":"https:\/\/www.europesays.com\/at\/wp-json\/wp\/v2\/types\/post"}],"author":[{"embeddable":true,"href":"https:\/\/www.europesays.com\/at\/wp-json\/wp\/v2\/users\/2"}],"replies":[{"embeddable":true,"href":"https:\/\/www.europesays.com\/at\/wp-json\/wp\/v2\/comments?post=371981"}],"version-history":[{"count":0,"href":"https:\/\/www.europesays.com\/at\/wp-json\/wp\/v2\/posts\/371981\/revisions"}],"wp:featuredmedia":[{"embeddable":true,"href":"https:\/\/www.europesays.com\/at\/wp-json\/wp\/v2\/media\/371982"}],"wp:attachment":[{"href":"https:\/\/www.europesays.com\/at\/wp-json\/wp\/v2\/media?parent=371981"}],"wp:term":[{"taxonomy":"category","embeddable":true,"href":"https:\/\/www.europesays.com\/at\/wp-json\/wp\/v2\/categories?post=371981"},{"taxonomy":"post_tag","embeddable":true,"href":"https:\/\/www.europesays.com\/at\/wp-json\/wp\/v2\/tags?post=371981"}],"curies":[{"name":"wp","href":"https:\/\/api.w.org\/{rel}","templated":true}]}}