{"id":371997,"date":"2026-09-03T02:28:08","date_gmt":"2026-09-03T02:28:08","guid":{"rendered":"https:\/\/www.europesays.com\/at\/371997\/"},"modified":"2026-09-03T02:28:08","modified_gmt":"2026-09-03T02:28:08","slug":"spielfreudige-salzburger-haben-eine-neue-benchmark-gesetzt","status":"publish","type":"post","link":"https:\/\/www.europesays.com\/at\/371997\/","title":{"rendered":"Spielfreudige Salzburger: &#8222;Haben eine neue Benchmark gesetzt&#8220;"},"content":{"rendered":"<p>Beg\u00fcnstigt von Wiener G\u00e4sten, die mitspielen wollten und zumindest spielerisch tats\u00e4chlich ein besseres Bild abgaben, als es das Endergebnis vermuten lassen w\u00fcrde, entwickelte sich von Spielminute eins ein hochattraktives Bundesliga-Spiel in der Red Bull Arena.<\/p>\n<p>Aber auch eines, welches zur Pause quasi schon entschieden war. <a href=\"https:\/\/www.laola1.at\/de\/daten\/news\/haris-tabakovic\/\" class=\"tag\" rel=\"nofollow noopener\" target=\"_blank\">Haris Tabakovic<\/a> netzte zwei Mal in Topst\u00fcrmer-Manier, dazwischen konnte Nikolas Veratschnig mit seinem ersten Bundesliga-Saisontor f\u00fcr die &#8222;Bullen&#8220; beweisen, dass er sein gesamtes Pulver nicht bereits in der Sommervorbereitung verschossen hat.<\/p>\n<p>Alle Tore waren sch\u00f6n herausgespielt, insgesamt sah R\u00f6hl eine &#8222;herausragende Leistung mit dem Ball. Heute habe ich die Mannschaft wirklich gelobt f\u00fcr den Ballbesitz, weil es kein Ballbesitz nur des Ballbesitzes wegen war, sondern er wirklich zielgerichtet war.&#8220;<\/p>\n<p>Trotzdem gibt es Kritik<\/p>\n<p>Unmittelbar nach der Pause lie\u00df Edmund Baidoo die leisen gr\u00fcn-wei\u00dfen Hoffnungen endg\u00fcltig verstummen, kurz darauf traf <a href=\"https:\/\/www.laola1.at\/de\/daten\/news\/matthias-seidl\/\" class=\"tag\" rel=\"nofollow noopener\" target=\"_blank\">Matthias Seidl<\/a> traumhaft aus gro\u00dfer Distanz zwar noch zum Ehrentreffer, <a href=\"https:\/\/www.laola1.at\/de\/daten\/news\/karim-konate\/\" class=\"tag\" rel=\"nofollow noopener\" target=\"_blank\">Karim Konate<\/a> stellte mit einem Jokertor kurz vor Schluss den alten Abstand aber wieder her.<\/p>\n<p>&#8222;Das Gegentor st\u00f6rt mich als Trainer immer. Zuletzt nach einem Einwurf gegen die Austria, jetzt nach einer Ecke &#8211; da m\u00fcssen wir noch wacher bleiben&#8220;, bleibt R\u00f6hl dennoch kritisch.<\/p>\n<p>R\u00f6hl: &#8222;M\u00fcssen noch mehr leiden&#8220;<\/p>\n<p>Auch im Spiel gegen den Ball gefiel ihm nicht alles: &#8222;Da m\u00fcssen wir noch mehr leiden, speziell in Hinsicht auf Europa ist das wichtig.&#8220;<\/p>\n<p>Schlussendlich d\u00fcrfe man sich nach einem \u00fcber weite Strecken durchaus als Gala-Auftritt durchgehenden Spiel &#8222;schonmal ganz kurz freuen&#8220;, so R\u00f6hl. Er h\u00e4lt fest: &#8222;Es macht Spa\u00df, die Spielfreude zu sehen.&#8220;<\/p>\n<p>Auch das Publikum zieht wieder mit<\/p>\n","protected":false},"excerpt":{"rendered":"Beg\u00fcnstigt von Wiener G\u00e4sten, die mitspielen wollten und zumindest spielerisch tats\u00e4chlich ein besseres Bild abgaben, als es das&hellip;\n","protected":false},"author":2,"featured_media":371998,"comment_status":"","ping_status":"","sticky":false,"template":"","format":"standard","meta":{"footnotes":"","_share_on_mastodon":"0"},"categories":[31],"tags":[1069,46,42,18740,61128,5791,1061,964,70456,3458,7902,59843,44,23203,192,19951,75265],"class_list":["post-371997","post","type-post","status-publish","format-standard","has-post-thumbnail","category-salzburg","tag-admiral-bundesliga","tag-at","tag-austria","tag-christian-zawieschitzky","tag-danny-roehl","tag-edmund-baidoo","tag-fc-red-bull-salzburg","tag-fussball","tag-haris-tabakovic","tag-karim-konate","tag-laola1","tag-nikolas-veratschnig","tag-oesterreich","tag-red-bull-arena","tag-salzburg","tag-simon-urhofer","tag-valentin-zabransky"],"share_on_mastodon":{"url":"https:\/\/pubeurope.com\/@at\/117204753231034486","error":""},"_links":{"self":[{"href":"https:\/\/www.europesays.com\/at\/wp-json\/wp\/v2\/posts\/371997","targetHints":{"allow":["GET"]}}],"collection":[{"href":"https:\/\/www.europesays.com\/at\/wp-json\/wp\/v2\/posts"}],"about":[{"href":"https:\/\/www.europesays.com\/at\/wp-json\/wp\/v2\/types\/post"}],"author":[{"embeddable":true,"href":"https:\/\/www.europesays.com\/at\/wp-json\/wp\/v2\/users\/2"}],"replies":[{"embeddable":true,"href":"https:\/\/www.europesays.com\/at\/wp-json\/wp\/v2\/comments?post=371997"}],"version-history":[{"count":0,"href":"https:\/\/www.europesays.com\/at\/wp-json\/wp\/v2\/posts\/371997\/revisions"}],"wp:featuredmedia":[{"embeddable":true,"href":"https:\/\/www.europesays.com\/at\/wp-json\/wp\/v2\/media\/371998"}],"wp:attachment":[{"href":"https:\/\/www.europesays.com\/at\/wp-json\/wp\/v2\/media?parent=371997"}],"wp:term":[{"taxonomy":"category","embeddable":true,"href":"https:\/\/www.europesays.com\/at\/wp-json\/wp\/v2\/categories?post=371997"},{"taxonomy":"post_tag","embeddable":true,"href":"https:\/\/www.europesays.com\/at\/wp-json\/wp\/v2\/tags?post=371997"}],"curies":[{"name":"wp","href":"https:\/\/api.w.org\/{rel}","templated":true}]}}