{"id":372009,"date":"2026-09-03T02:46:14","date_gmt":"2026-09-03T02:46:14","guid":{"rendered":"https:\/\/www.europesays.com\/at\/372009\/"},"modified":"2026-09-03T02:46:14","modified_gmt":"2026-09-03T02:46:14","slug":"innovationskongress-2026-buildingtimes","status":"publish","type":"post","link":"https:\/\/www.europesays.com\/at\/372009\/","title":{"rendered":"Innovationskongress 2026 &#8211; buildingTIMES"},"content":{"rendered":"<p>Nach der Begr\u00fc\u00dfung durch Silvia Bruni, CEO von Cape10, und Steffen Robbi, CEO von Digital Findet Stadt, er\u00f6ffnet Katharina Aguilar, High-Tech-Unternehmerin und Star-Speakerin, den Kongresstag mit der Keynote \u201eInnovation. Jetzt.\u201c Anschlie\u00dfend diskutiert sie in CEO-Podiumsdiskussion mit Peter Schaller (UBM Development), Nadja Pr\u00f6wer (Turner &amp; Townsend), und Claudia Brey (\u00d6BB) \u00fcber Innovation, Fortschritt und Zukunftsf\u00e4higkeit.<\/p>\n<p>Wie lassen sich Datenstaus aufl\u00f6sen, Planungsprozesse effizienter gestalten und KI sowie BIM sinnvoll einsetzen?<\/p>\n<p>Frank Mettendorff (FCP), Katharina Lennartz (Carpus+Partner) und Steffen Robbi zeigen, wie Daten, Lean Management, BIM und KI Planungsprozesse verbessern k\u00f6nnen. Frische Impulse kommen auch aus dem Start-up-Slot: Michael Larisch von crais pitcht seine KI-unterst\u00fctzte openBIM-L\u00f6sung. Danach richtet das Panel \u201eEffizient vorausdenken\u201c den Blick darauf, wie Daten, Prozesse und KI zu einer intelligenten Planung zusammenspielen.<\/p>\n<p>Wie wird Bauen produktiver?<\/p>\n<p>\u00a0<\/p>\n<p>Barbara Freiler (Handler Bau), Bernd Oswald (Gropyus) und Russell Loveridge von der ETH Z\u00fcrich, geben Einblicke in Taktplanung, automatisierte Vorfertigung und digitale Fertigung. Im Start-up-Pitch pr\u00e4sentiert Ivan Voloshyn von Planara, eine L\u00f6sung zur Vorpr\u00fcfung von Bauantr\u00e4gen in Wien. Das Panel f\u00fchrt die Perspektiven zusammen und diskutiert, wie wir k\u00fcnftig effizienter und produktiver bauen k\u00f6nnen. Weiters zeigen Aline von Baumbach (BIG), Gerhard Zucker (AIT) und Ina Werner von Siemens, wie Geb\u00e4udedaten, BIM und digitale Plattformen zu mehr Effizienz im Betrieb beitragen k\u00f6nnen. Roman Rath von project-home.ai, bringt mit einer KI-basierten Plattform f\u00fcr optimierte Geb\u00e4udesanierungen die Start-up-Perspektive ein. Im Panel \u201eIntelligente Geb\u00e4ude\u201c steht die Nutzung von Daten f\u00fcr einen effizienteren Betrieb im Mittelpunkt.<\/p>\n<p>\u00a0<\/p>\n<p>Nach dem Ausblick \u201eDigitalisierung geht nur gemeinsam\u201c mit Steffen Robbi wird es pers\u00f6nlich: In den Kamingespr\u00e4chen geben Stefan Pernet und Heinz-Michael Ruhland von Nevaris sowie Ina Werner (Siemens) weitere Impulse.<br \/>Zum Abschluss hei\u00dft es dann Netzwerken, genie\u00dfen und den Kongresstag gemeinsam ausklingen lassen \u2013 bei der Bau-House-Party mit Snacks, Weinverkostung mit Reinhard Winiwarter und viel Raum f\u00fcr Branchenaustausch.<\/p>\n<p>\u00a0<\/p>\n<p>Wann &amp; Wo?<\/p>\n<p>\u00a0<\/p>\n<p>17. September 2026, Einlass ab 08:00 | Beginn um 08:30<\/p>\n<p>CAPE10, Alfred-Adler-Stra\u00dfe 1, 1100 Wien<\/p>\n<p>\u00a0<\/p>\n","protected":false},"excerpt":{"rendered":"Nach der Begr\u00fc\u00dfung durch Silvia Bruni, CEO von Cape10, und Steffen Robbi, CEO von Digital Findet Stadt, er\u00f6ffnet&hellip;\n","protected":false},"author":2,"featured_media":372010,"comment_status":"","ping_status":"","sticky":false,"template":"","format":"standard","meta":{"footnotes":"","_share_on_mastodon":"0"},"categories":[14],"tags":[46,42,95,90,89,91,94,44,93,92],"class_list":["post-372009","post","type-post","status-publish","format-standard","has-post-thumbnail","category-unternehmen-maerkte","tag-at","tag-austria","tag-business","tag-companies","tag-companies-markets","tag-markets","tag-maerkte","tag-oesterreich","tag-unternehmen","tag-unternehmen-maerkte"],"share_on_mastodon":{"url":"https:\/\/pubeurope.com\/@at\/117204824091588268","error":""},"_links":{"self":[{"href":"https:\/\/www.europesays.com\/at\/wp-json\/wp\/v2\/posts\/372009","targetHints":{"allow":["GET"]}}],"collection":[{"href":"https:\/\/www.europesays.com\/at\/wp-json\/wp\/v2\/posts"}],"about":[{"href":"https:\/\/www.europesays.com\/at\/wp-json\/wp\/v2\/types\/post"}],"author":[{"embeddable":true,"href":"https:\/\/www.europesays.com\/at\/wp-json\/wp\/v2\/users\/2"}],"replies":[{"embeddable":true,"href":"https:\/\/www.europesays.com\/at\/wp-json\/wp\/v2\/comments?post=372009"}],"version-history":[{"count":0,"href":"https:\/\/www.europesays.com\/at\/wp-json\/wp\/v2\/posts\/372009\/revisions"}],"wp:featuredmedia":[{"embeddable":true,"href":"https:\/\/www.europesays.com\/at\/wp-json\/wp\/v2\/media\/372010"}],"wp:attachment":[{"href":"https:\/\/www.europesays.com\/at\/wp-json\/wp\/v2\/media?parent=372009"}],"wp:term":[{"taxonomy":"category","embeddable":true,"href":"https:\/\/www.europesays.com\/at\/wp-json\/wp\/v2\/categories?post=372009"},{"taxonomy":"post_tag","embeddable":true,"href":"https:\/\/www.europesays.com\/at\/wp-json\/wp\/v2\/tags?post=372009"}],"curies":[{"name":"wp","href":"https:\/\/api.w.org\/{rel}","templated":true}]}}