{"id":372023,"date":"2026-09-03T03:01:12","date_gmt":"2026-09-03T03:01:12","guid":{"rendered":"https:\/\/www.europesays.com\/at\/372023\/"},"modified":"2026-09-03T03:01:12","modified_gmt":"2026-09-03T03:01:12","slug":"amal-und-george-clooney-feiern-in-venedig","status":"publish","type":"post","link":"https:\/\/www.europesays.com\/at\/372023\/","title":{"rendered":"Amal und George Clooney feiern in Venedig"},"content":{"rendered":"<p class=\"content__description\" data-speakable=\"\">Die Filmfestspiele von Venedig starten und die ersten Stars lassen sich in der Stadt sehen: allen voran George und Amal Clooney. Der Filmstar hat dieses Jahr einen besonderen Auftritt bei der Veranstaltung.<\/p>\n<p data-speakable=\"\">Gro\u00dfer Auftritt in Italien: <a data-component-name=\"link.semantic\" data-brain-zone=\".42679122.content.textlink_1\" data-component-path=\"content.textlink_1\" href=\"https:\/\/www.gmx.at\/magazine\/unterhaltung\/thema\/george-clooney\" rel=\"nofollow noopener\" target=\"_blank\">George<\/a> (65) und <a data-component-name=\"link.semantic\" data-brain-zone=\".42679122.content.textlink_2\" data-component-path=\"content.textlink_2\" href=\"https:\/\/www.gmx.at\/magazine\/unterhaltung\/thema\/amal-clooney\" rel=\"nofollow noopener\" target=\"_blank\">Amal Clooney<\/a> (48) sind in Venedig angekommen. Das Paar traf am Dienstag in der Stadt ein, in der nun die 83. Filmfestspiele starten. Die beiden wurden fotografiert, als sie mit einem privaten Wassertaxi einfuhren. Auf den Bildern wirkten die Clooneys bestens gelaunt.<\/p>\n<p data-speakable=\"\">Der Filmstar pr\u00e4sentierte bei seiner Ankunft in <a data-component-name=\"link.semantic\" data-brain-zone=\".42679122.content.textlink_3\" data-component-path=\"content.textlink_3\" href=\"https:\/\/www.gmx.at\/magazine\/reise\/thema\/venedig\" rel=\"nofollow noopener\" target=\"_blank\">Venedig<\/a> ein schwarzes Poloshirt und eine helle Hose, w\u00e4hrend seine Ehefrau ein farblich aufeinander abgestimmtes gr\u00fcnes Seiden-Set aus Top, Shorts und Blazer trug. Beide kombinierten ihren Look mit einer gro\u00dfen, dunklen Sonnenbrille.<\/p>\n<p><a href=\"https:\/\/www.gmx.at\/magazine\/unterhaltung\/stars\/sarah-michelle-gellar-zeigt-alte-hochzeitsfotos-staunt-42677910\" data-brain-zone=\".42679122.content.teaser_1.1\" data-component-path=\"content.teaser_1.1\" data-component-name=\"link.editorial\" class=\"teaser teaser--horizontal\" data-block-name=\"content.teaser_1\" data-item-position=\"1\" data-item-source=\"cms\" data-article-id=\"cmd:42677910\" rel=\"nofollow noopener\" target=\"_blank\"><\/p>\n<p><img decoding=\"async\" src=\"https:\/\/www.europesays.com\/at\/wp-content\/uploads\/2026\/09\/sarah-michelle-gellar-freddie-prinze-jr-feiern-24-.jpg\" alt=\"\" width=\"76\" height=\"76\" loading=\"lazy\" class=\"teaser__image\"\/><\/p>\n<p>\nSeit 24 Jahren verheiratet\n<\/p>\n<p>Sarah Michelle Gellar zeigt alte Hochzeitsfotos &#8211; und staunt selbst<\/p>\n<p><\/a><br \/>\nBesondere Filmfest-Ausgabe f\u00fcr George Clooney<\/p>\n<p data-speakable=\"\">George Clooney wird auf dem diesj\u00e4hrigen Filmfestival mit dem Goldenen L\u00f6wen f\u00fcr sein Lebenswerk geehrt. &#8222;Ich habe in Venedig so viele au\u00dfergew\u00f6hnliche Momente erlebt. Dieses Festival ist ohne Frage mein Lieblingsfestival, und den Goldenen L\u00f6wen zu erhalten, ist eine riesige Ehre&#8220;, sagte er in einer Erkl\u00e4rung im Vorfeld der Zeremonie. Der 65-J\u00e4hrige f\u00fcgte hinzu: &#8222;Das bedeutet wahrscheinlich auch, dass ich alt bin, aber ich nehme es gerne an.&#8220;<\/p>\n<p data-speakable=\"\">Laura Dern (59), die gemeinsam mit Clooney in dem Film &#8222;Jay Kelly&#8220; zu sehen war, wird den Preis im Rahmen der Er\u00f6ffnungszeremonie des Festivals \u00fcberreichen.<\/p>\n<p>Empfehlungen der Redaktion<\/p>\n<p data-speakable=\"\">Die Wahl kommt nicht von ungef\u00e4hr. Kaum ein Hollywoodstar ist mit Venedig so eng verbunden wie Clooney. Seinen ersten Auftritt am Lido hatte er bereits 1998 mit &#8222;Out of Sight&#8220;, also vor fast drei Jahrzehnten. Zuletzt feierte im Vorjahr &#8222;Jay Kelly&#8220; hier Premiere, 2024 schritt er gemeinsam mit Brad Pitt (62) f\u00fcr die Weltpremiere von &#8222;Wolfs&#8220; \u00fcber den roten Teppich.<\/p>\n<p data-speakable=\"\">Und auch privat hat Venedig f\u00fcr ihn eine besondere Bedeutung: 2014 gab er hier seiner Frau Amal in einer glamour\u00f6sen Feier das Jawort. Die diesj\u00e4hrigen Filmfestspiele von Venedig finden vom 2. bis zum 12. September statt. (hub\/spot)\u00a0<br \/>\n\u00a9 1&amp;1 Mail &amp; Media\/spot on news<\/p>\n","protected":false},"excerpt":{"rendered":"Die Filmfestspiele von Venedig starten und die ersten Stars lassen sich in der Stadt sehen: allen voran George&hellip;\n","protected":false},"author":2,"featured_media":372024,"comment_status":"","ping_status":"","sticky":false,"template":"","format":"standard","meta":{"footnotes":"","_share_on_mastodon":"0"},"categories":[22],"tags":[10141,46,42,147,93168,10422,92972,44,148,8421],"class_list":["post-372023","post","type-post","status-publish","format-standard","has-post-thumbnail","category-unterhaltung","tag-amal-clooney","tag-at","tag-austria","tag-entertainment","tag-filmfestspiele-von-venedig","tag-george-clooney","tag-jay-kelly","tag-oesterreich","tag-unterhaltung","tag-venedig"],"share_on_mastodon":{"url":"https:\/\/pubeurope.com\/@at\/117204883415822561","error":""},"_links":{"self":[{"href":"https:\/\/www.europesays.com\/at\/wp-json\/wp\/v2\/posts\/372023","targetHints":{"allow":["GET"]}}],"collection":[{"href":"https:\/\/www.europesays.com\/at\/wp-json\/wp\/v2\/posts"}],"about":[{"href":"https:\/\/www.europesays.com\/at\/wp-json\/wp\/v2\/types\/post"}],"author":[{"embeddable":true,"href":"https:\/\/www.europesays.com\/at\/wp-json\/wp\/v2\/users\/2"}],"replies":[{"embeddable":true,"href":"https:\/\/www.europesays.com\/at\/wp-json\/wp\/v2\/comments?post=372023"}],"version-history":[{"count":0,"href":"https:\/\/www.europesays.com\/at\/wp-json\/wp\/v2\/posts\/372023\/revisions"}],"wp:featuredmedia":[{"embeddable":true,"href":"https:\/\/www.europesays.com\/at\/wp-json\/wp\/v2\/media\/372024"}],"wp:attachment":[{"href":"https:\/\/www.europesays.com\/at\/wp-json\/wp\/v2\/media?parent=372023"}],"wp:term":[{"taxonomy":"category","embeddable":true,"href":"https:\/\/www.europesays.com\/at\/wp-json\/wp\/v2\/categories?post=372023"},{"taxonomy":"post_tag","embeddable":true,"href":"https:\/\/www.europesays.com\/at\/wp-json\/wp\/v2\/tags?post=372023"}],"curies":[{"name":"wp","href":"https:\/\/api.w.org\/{rel}","templated":true}]}}