{"id":372031,"date":"2026-09-03T03:09:13","date_gmt":"2026-09-03T03:09:13","guid":{"rendered":"https:\/\/www.europesays.com\/at\/372031\/"},"modified":"2026-09-03T03:09:13","modified_gmt":"2026-09-03T03:09:13","slug":"2rad-produktions-gmbh-ehem-simplon-fahrrad-gmbh-sanierungsplan-gescheitert","status":"publish","type":"post","link":"https:\/\/www.europesays.com\/at\/372031\/","title":{"rendered":"2Rad Produktions GmbH (ehem. SIMPLON Fahrrad GmbH) &#8211; Sanierungsplan gescheitert"},"content":{"rendered":"<p>              2Rad Produktions GmbH (ehemals SIMPLON Fahrrad GmbH) beantragt Sanierungsverfahren ohne Eigenverwaltung<br \/>\u00a0<\/p>\n<p>Am 02.09.2026 hat die<\/p>\n<p>2Rad Produktions GmbH,\u00a0<br \/>ehemals SIMPLON Fahrrad GmbH,<br \/>Oberer Achdamm 22, 6971 Hard<\/p>\n<p>ein Sanierungsverfahren am Landesgericht Feldkirch beantragt.<\/p>\n<p>\u2022\u00a0\u00a0\u00a0\u00a0Gegenstand des Unternehmens: Produktion von Fahrr\u00e4dern<\/p>\n<p>\u2022\u00a0\u00a0\u00a0\u00a0Gesch\u00e4ftsf\u00fchrer:\u00a0Christoph Mannel, geboren 30.04.1974<\/p>\n<p>\u2022\u00a0\u00a0\u00a0\u00a0Gesellschafter:\u00a0SIMPLON Bike GmbH, ehemals SIMPLON Holding GmbH<\/p>\n<p>\u2022\u00a0\u00a0\u00a0\u00a0Gl\u00e4ubiger:\u00a0150<\/p>\n<p>\u2022\u00a0\u00a0\u00a0\u00a0Dienstnehmer:\u00a054<\/p>\n<p>\u2022\u00a0\u00a0\u00a0\u00a0Passiva: \u00a0rd. EUR 33,4 Mio.<\/p>\n<p>Insolvenzursachen (lt. Schuldnerangaben):<br \/>Nach \u00dcbernahme des Unternehmens von der ehemaligen Schuldnerin, habe sich herausgestellt, dass die Kommunikation seitens der ehemaligen Schuldnerin vor Anteils\u00fcbernahme nicht zur G\u00e4nze nachvollziehbar bzw. korrekt gewesen sei. So habe man festgestellt, dass die aus der ersten Insolvenz \u00fcbernommenen Warenbest\u00e4nde bei der Waren\u00fcbernahme nach Erwerb unzureichend und nicht vollst\u00e4ndig gewesen seien. Deshalb konnte der bestehende Auftragsbestand nicht z\u00fcgig abgearbeitet werden, da Fehlteile einerseits die Fertigstellung und andererseits die Auslieferung verhinderten. Die Folge waren die Beeintr\u00e4chtigung der Liefer-f\u00e4higkeit und ein teilweises Ausbleiben von Folgeauftr\u00e4gen, was wiederum zur Liquidit\u00e4tsbe-lastung f\u00fchrte.\u00a0<\/p>\n<p>Aus diesem Grund scheitert nun der Ende 2024 angenommene Sanierungsplan.\u00a0<\/p>\n<p>Insgesamt ist derzeit von Verbindlichkeiten von EUR 33,4 Mio. auszugehen. Davon entfallen EUR 28,3 Mio. auf Verbindlichkeiten aus dem ehemaligen Sanierungsverfahren, welche nun wieder aufleben. Von diesen EUR 28,3 Mio. entfallen EUR 26 Mio. auf eine Hauptgl\u00e4ubigerin sowie weitere rund EUR 2,3 Mio. auf sonstige Gl\u00e4ubiger.<\/p>\n<p>Weitere verfahrensrechtliche Daten:<br \/>Die Antragstellerin beabsichtigt, einen Sanierungsplan mit einer Quote von 20 %, zahlbar binnen 2 Jahren, einzubringen.<\/p>\n<p>Der KSV1870 bietet allen Gl\u00e4ubigern an, sie in diesem Fall zu vertreten: <a href=\"https:\/\/www.ksv.at\/presse\/bevorstehende-insolvenzfaelle\/mailto:insolvenz.feldkirch@ksv.at\" rel=\"nofollow noopener\" target=\"_blank\">insolvenz.feldkirch@ksv.at<\/a>\u00a0<\/p>\n<p>Feldkirch, am 02.09.2026<\/p>\n<p>R\u00fcckfragen<br \/>Mag. Nathaniel Heinritz<br \/>Standortleiter Feldkirch<br \/>Telefon 050 1870-7042<br \/>E-Mail: <a href=\"https:\/\/www.ksv.at\/presse\/bevorstehende-insolvenzfaelle\/mailto:heinritz.nathaniel@ksv.at\" rel=\"nofollow noopener\" target=\"_blank\">heinritz.nathaniel@ksv.at<\/a>\u00a0<\/p>\n","protected":false},"excerpt":{"rendered":"2Rad Produktions GmbH (ehemals SIMPLON Fahrrad GmbH) beantragt Sanierungsverfahren ohne Eigenverwaltung\u00a0 Am 02.09.2026 hat die 2Rad Produktions GmbH,\u00a0ehemals&hellip;\n","protected":false},"author":2,"featured_media":372032,"comment_status":"","ping_status":"","sticky":false,"template":"","format":"standard","meta":{"footnotes":"","_share_on_mastodon":"0"},"categories":[14],"tags":[46,42,95,90,89,91,94,44,93,92],"class_list":["post-372031","post","type-post","status-publish","format-standard","has-post-thumbnail","category-unternehmen-maerkte","tag-at","tag-austria","tag-business","tag-companies","tag-companies-markets","tag-markets","tag-maerkte","tag-oesterreich","tag-unternehmen","tag-unternehmen-maerkte"],"share_on_mastodon":{"url":"https:\/\/pubeurope.com\/@at\/117204914229527956","error":""},"_links":{"self":[{"href":"https:\/\/www.europesays.com\/at\/wp-json\/wp\/v2\/posts\/372031","targetHints":{"allow":["GET"]}}],"collection":[{"href":"https:\/\/www.europesays.com\/at\/wp-json\/wp\/v2\/posts"}],"about":[{"href":"https:\/\/www.europesays.com\/at\/wp-json\/wp\/v2\/types\/post"}],"author":[{"embeddable":true,"href":"https:\/\/www.europesays.com\/at\/wp-json\/wp\/v2\/users\/2"}],"replies":[{"embeddable":true,"href":"https:\/\/www.europesays.com\/at\/wp-json\/wp\/v2\/comments?post=372031"}],"version-history":[{"count":0,"href":"https:\/\/www.europesays.com\/at\/wp-json\/wp\/v2\/posts\/372031\/revisions"}],"wp:featuredmedia":[{"embeddable":true,"href":"https:\/\/www.europesays.com\/at\/wp-json\/wp\/v2\/media\/372032"}],"wp:attachment":[{"href":"https:\/\/www.europesays.com\/at\/wp-json\/wp\/v2\/media?parent=372031"}],"wp:term":[{"taxonomy":"category","embeddable":true,"href":"https:\/\/www.europesays.com\/at\/wp-json\/wp\/v2\/categories?post=372031"},{"taxonomy":"post_tag","embeddable":true,"href":"https:\/\/www.europesays.com\/at\/wp-json\/wp\/v2\/tags?post=372031"}],"curies":[{"name":"wp","href":"https:\/\/api.w.org\/{rel}","templated":true}]}}