{"id":372037,"date":"2026-09-03T03:12:11","date_gmt":"2026-09-03T03:12:11","guid":{"rendered":"https:\/\/www.europesays.com\/at\/372037\/"},"modified":"2026-09-03T03:12:11","modified_gmt":"2026-09-03T03:12:11","slug":"tausende-bei-laufevent-oeamtc-warnt-heute-staugefahr-in-st-poelten","status":"publish","type":"post","link":"https:\/\/www.europesays.com\/at\/372037\/","title":{"rendered":"Tausende bei Laufevent \u2013 \u00d6AMTC warnt: Heute Staugefahr in St. P\u00f6lten"},"content":{"rendered":"<p class=\"col-12 col-md-10 col-lg-8 gb-p raw mx-auto\">Am Donnerstag, 3. September, 18 Uhr, findet der Vision Run in St. P\u00f6lten statt. Zu dem Firmenlauf werden rund 7.000 Teilnehmer bzw. Zuschauer erwartet. Start und Ziel befinden sich beim Sportzentrum N\u00d6 nahe den Ratzersdorfer Seen in der Bimbo-Binder-Promenade.<\/p>\n<p class=\"col-12 col-md-10 col-lg-8 gb-p raw mx-auto\">Bereits ab etwa 16.30 Uhr rechnen die \u00d6AMTC-Verkehrsexperten mit zunehmendem Verkehrsaufkommen und Staus auf den Zufahrtsstrecken, weil die Anreise auch mit dem Berufsverkehr zusammenf\u00e4llt. Wer zum Vision Run unterwegs ist, sollte daher m\u00f6glichst fr\u00fch hinfahren und ein Zeitpolster einplanen.<\/p>\n<p>&#8222;Heute&#8220; auf Google als bevorzugte&amp;nbspQuelle festlegen<a href=\"https:\/\/www.google.com\/preferences\/source?q=heute.at\" rel=\"noopener noreferrer nofollow\" target=\"_blank\">Hinzuf\u00fcgen<\/a>Innerst\u00e4dtische Verbindungen betroffen<\/p>\n<p class=\"col-12 col-md-10 col-lg-8 gb-p raw mx-auto\">Besonders die innerst\u00e4dtischen Verbindungen vom St. P\u00f6ltner S\u00fcden Richtung Norden, etwa die Mariazeller Stra\u00dfe oder die Kremser Landstra\u00dfe, und die Wiener Stra\u00dfe (B1) werden vor Veranstaltungsbeginn \u00fcberlastet sein.<\/p>\n<p class=\"col-12 col-md-10 col-lg-8 gb-p raw mx-auto\">&#8222;Wir empfehlen das St. P\u00f6ltner Stadtgebiet m\u00f6glichst zu meiden und \u00fcber die Kremser Schnellstra\u00dfe (S33) bis St. P\u00f6lten Nord zu fahren, von dort ist man in wenigen Minuten bei den Gro\u00dfparkpl\u00e4tzen nahe der NV-Arena und den St. P\u00f6ltner Seen&#8220;, r\u00e4t Vision Run-Veranstalter Franz Kaiblinger.<\/p>\n<p>Alternative Anreisem\u00f6glichkeiten<\/p>\n<p class=\"col-12 col-md-10 col-lg-8 gb-p raw mx-auto\">Wer aus dem Nahbereich kommt, kann Staus vermeiden, indem er mit dem Fahrrad oder zu Fu\u00df unterwegs ist. Daf\u00fcr bietet sich unter anderem der Traisenrad- bzw. Gehweg an.<\/p>\n<p class=\"col-12 col-md-10 col-lg-8 gb-p raw mx-auto\">F\u00fcr alle die \u00f6ffentlich anreisen m\u00f6chten, empfiehlt der \u00d6AMTC die LUP-Stadtbuslinien 3, 6 und 7. Der Ausstieg ist bei der Haltestelle Sportzentrum N\u00d6.<\/p>\n<p class=\"col-12 col-md-10 col-lg-8 gb-p raw mx-auto\">Wer nicht zum Vision Run m\u00f6chte, sollte seine Fahrten im Nahbereich zeitlich verschieben oder zumindest \u00f6rtlich ausweichen.<\/p>\n<p> {title &amp;&amp; {title} } red, {title &amp;&amp; {title} } 03.09.2026, 03:00<\/p>\n","protected":false},"excerpt":{"rendered":"Am Donnerstag, 3. September, 18 Uhr, findet der Vision Run in St. P\u00f6lten statt. Zu dem Firmenlauf werden&hellip;\n","protected":false},"author":2,"featured_media":372038,"comment_status":"","ping_status":"","sticky":false,"template":"","format":"standard","meta":{"footnotes":"","_share_on_mastodon":"0"},"categories":[6],"tags":[46,42,44,43,45],"class_list":["post-372037","post","type-post","status-publish","format-standard","has-post-thumbnail","category-oesterreich","tag-at","tag-austria","tag-oesterreich","tag-republic-of-austria","tag-republik-oesterreich"],"share_on_mastodon":{"url":"https:\/\/pubeurope.com\/@at\/117204926077697609","error":""},"_links":{"self":[{"href":"https:\/\/www.europesays.com\/at\/wp-json\/wp\/v2\/posts\/372037","targetHints":{"allow":["GET"]}}],"collection":[{"href":"https:\/\/www.europesays.com\/at\/wp-json\/wp\/v2\/posts"}],"about":[{"href":"https:\/\/www.europesays.com\/at\/wp-json\/wp\/v2\/types\/post"}],"author":[{"embeddable":true,"href":"https:\/\/www.europesays.com\/at\/wp-json\/wp\/v2\/users\/2"}],"replies":[{"embeddable":true,"href":"https:\/\/www.europesays.com\/at\/wp-json\/wp\/v2\/comments?post=372037"}],"version-history":[{"count":0,"href":"https:\/\/www.europesays.com\/at\/wp-json\/wp\/v2\/posts\/372037\/revisions"}],"wp:featuredmedia":[{"embeddable":true,"href":"https:\/\/www.europesays.com\/at\/wp-json\/wp\/v2\/media\/372038"}],"wp:attachment":[{"href":"https:\/\/www.europesays.com\/at\/wp-json\/wp\/v2\/media?parent=372037"}],"wp:term":[{"taxonomy":"category","embeddable":true,"href":"https:\/\/www.europesays.com\/at\/wp-json\/wp\/v2\/categories?post=372037"},{"taxonomy":"post_tag","embeddable":true,"href":"https:\/\/www.europesays.com\/at\/wp-json\/wp\/v2\/tags?post=372037"}],"curies":[{"name":"wp","href":"https:\/\/api.w.org\/{rel}","templated":true}]}}