{"id":372059,"date":"2026-09-03T03:31:26","date_gmt":"2026-09-03T03:31:26","guid":{"rendered":"https:\/\/www.europesays.com\/at\/372059\/"},"modified":"2026-09-03T03:31:26","modified_gmt":"2026-09-03T03:31:26","slug":"grosseinsatz-in-villach-lkw-stuerzte-in-eisenbahnunterfuehrung-um","status":"publish","type":"post","link":"https:\/\/www.europesays.com\/at\/372059\/","title":{"rendered":"Gro\u00dfeinsatz in Villach: Lkw st\u00fcrzte in Eisenbahnunterf\u00fchrung um"},"content":{"rendered":"<p>Gro\u00dfeinsatz in Villach<\/p>\n<p>                        Lkw st\u00fcrzte in Eisenbahnunterf\u00fchrung um<\/p>\n<p>                                                                            2. September 2026, 16:19\u00a0Uhr<\/p>\n<p>                            <a class=\"content-author-avatar-block\" href=\"https:\/\/www.meinbezirk.at\/klagenfurt\/profile-683461\/laura-anna-kahl?type=article\" rel=\"nofollow noopener\" target=\"_blank\"><\/p>\n<p>                                                                            <img class=\"imagecontainer\" decoding=\"auto\" data-aspect-ratio=\"1.333333333\" src=\"https:\/\/media04.meinbezirk.at\/user\/2023\/02\/23\/1\/141361_L.jpg?1677162479\" style=\"object-position: 47% 43%;\" data-object-position=\"47% 43%\" bad-src=\"data:image\/gif;base64,R0lGODlhAQABAIAAAAAAAP\/\/\/yH5BAEAAAAALAAAAAABAAEAAAIBRAA7\"\/><\/p>\n<p>                <\/a><\/p>\n<p>Redaktion<\/p>\n<p>                                <a class=\"content-author-link\" href=\"https:\/\/www.meinbezirk.at\/klagenfurt\/profile-683461\/laura-anna-kahl?type=article\" rel=\"nofollow noopener\" target=\"_blank\">Laura Anna Kahl<\/a><\/p>\n<p>                    Du m\u00f6chtest dieses Profil zu deinen Favoriten hinzuf\u00fcgen?<\/p>\n<p>Verpasse nicht die neuesten Inhalte von diesem Profil: Melde dich an, um neue Inhalte von Profilen und Bezirken zu deinen pers\u00f6nlichen Favoriten hinzuf\u00fcgen zu k\u00f6nnen.<\/p>\n<p>            \u00d7<\/p>\n<p>                    Dieser Inhalt gef\u00e4llt Dir?<\/p>\n<p>Melde Dich an, um diesen Inhalt mit \u00abGef\u00e4llt mir\u00bb zu markieren.<\/p>\n<p>            \u00d7<\/p>\n<p>        <a href=\"#\" data-trigger-click-on-space-or-enter=\"\" class=\"button ggm-like-button hollow\" title=\"Gef\u00e4llt mir\" data-open=\"like-conversion-6a98ea049c7fd\"><\/p>\n<p>        <\/a><\/p>\n<p>\n        0<br \/>\n        0\n    <\/p>\n<p>                            <img class=\"imagecontainer\" loading=\"eager\" fetchpriority=\"auto\" decoding=\"auto\" data-aspect-ratio=\"0.75\" src=\"https:\/\/www.europesays.com\/at\/wp-content\/uploads\/2026\/09\/52405247_L.webp\" style=\"object-position: 50% 35%;\" data-object-position=\"50% 35%\" alt=\"Lkw liegt quer. | Foto: HFW Villach\"\/><\/p>\n<p>4Bilder<\/p>\n<p>Am Mittwochmittag r\u00fcckte die Hauptfeuerwache Villach zu einem aufwendigen Einsatz in Villach aus: Ein Lkw st\u00fcrzte in der Eisenbahnunterf\u00fchrung im Villacher Stadtteil Seebach um.\u00a0<br \/>VILLACH. Heute gegen 12.44 Uhr st\u00fcrzte ein Lkw in der Eisenbahnunterf\u00fchrung im Villacher Stadtteil Seebach um. Die Hauptfeuerwehrwache Villach wurde daraufhin alarmiert. &#8222;Vor Ort stellte man fest,\u00a0dass ein mit einem Lkw-Zug transportiertes Fahrzeug mit loser Hackgut Ladung in der Unterf\u00fchrung umgest\u00fcrzt war. Der Lenker sa\u00df verletzt neben der Fahrbahn und beim Lkw traten bereits Betriebsmittel aus&#8220;, berichtet Einsatzleiter HBI Harald Geissler, Kommandant der Hauptfeuerwache Villach.<\/p>\n<p>Radfahrer involviert?<\/p>\n<p>Der verletzte Lkw-Lenker wurde vom Rettungsdienst medizinisch versorgt und anschlie\u00dfend mit Verletzungen unbestimmten Grades ins Landeskrankenhaus Villach eingeliefert. Im Zuge der ersten Befragung gab der Lkw-Lenker an, dass er vermutlich einen Radfahrer im unmittelbaren Zusammenhang mit dem Unfall wahrgenommen hatte. &#8222;Da nicht ausgeschlossen werden konnte, dass sich dieser unter der auf der Fahrbahn verteilten Hackgut Ladung befand, wurde die Einsatzlage f\u00fcr die Feuerwehr deutlich dramatischer&#8220;, hei\u00dft es.<\/p>\n<p>Keine Person gefunden<\/p>\n<p>Unverz\u00fcglich begannen die Einsatzkr\u00e4fte h\u00e4ndisch mit Schaufeln mehrere Sondierung Grabungen. Dabei wurde die gro\u00dffl\u00e4chig verteilte Ladung systematisch durchsucht, um eine m\u00f6glicherweise versch\u00fcttete Person rasch lokalisieren zu k\u00f6nnen. Zus\u00e4tzlich wurde der Telelader der Hauptfeuerwache Villach mit Frontschaufel zur Einsatzstelle beordert, um die umfangreiche Hackgut Ladung m\u00f6glichst schnell entfernen zu k\u00f6nnen. &#8222;Gl\u00fccklicherweise war keine Person unter der Ladung eingeklemmt. Vermutlich war der Radfahrer auf dem dar\u00fcberliegenden Radweg im Bereich der Unterf\u00fchrung unterwegs und wurde vom Lenker dort wahrgenommen&#8220;, so HBI Geissler.<\/p>\n<p>Lkw wird geborgen<\/p>\n<p>Parallel zur Personensuche k\u00fcmmerten sich die Feuerwehrkr\u00e4fte um die Sicherung der Unfallstelle. Ausgetretene Betriebsmittel wurden aufgefangen und gebunden, ein umfassender Brandschutz aufgebaut und der Einsatzbereich abgesperrt. Nach Abschluss der Vorbereitungsarbeiten wird der verunfallte Lkw durch den Abschleppdienst geborgen. Die Feuerwehr unterst\u00fctzt diesen dabei mit weiteren Berge- und Sicherungsma\u00dfnahmen. Insgesamt stand die Hauptfeuerwache Villach mit acht Fahrzeugen und rund 35 Einsatzkr\u00e4ften im Einsatz.<\/p>\n<p>Anzeige<\/p>\n<p>                                    <a href=\"https:\/\/www.meinbezirk.at\/spittal\/c-lokales\/die-schoensten-wanderrouten-im-bezirk-spittal-fuer-den-herbst_a8864327?ref=curate\" class=\"stop-click-event-propagation\" rel=\"nofollow noopener\" target=\"_blank\"><\/p>\n<p>                                                                            <img class=\"imagecontainer\" decoding=\"auto\" data-aspect-ratio=\"0.62584378\" src=\"https:\/\/www.europesays.com\/at\/wp-content\/uploads\/2026\/09\/1788406280_199_52388222_L.webp\" style=\"object-position: 49% 38%;\" data-object-position=\"49% 38%\"\/><\/p>\n<p>                                    <\/a><\/p>\n<p>                                7<\/p>\n<p>                <a href=\"https:\/\/www.meinbezirk.at\/spittal\/c-lokales\/die-schoensten-wanderrouten-im-bezirk-spittal-fuer-den-herbst_a8864327?ref=curate\" class=\"stop-click-event-propagation\" rel=\"nofollow noopener\" target=\"_blank\"><\/p>\n<p>\n                            H\u00fcttenguide Herbst 2026\n                        <\/p>\n<p>                                        Die sch\u00f6nsten Wanderrouten im Bezirk Spittal f\u00fcr den Herbst<br \/>\n                <\/a><\/p>\n<p class=\"line-clamp\" style=\"--line-clamp: 4\">\n                        Im Bezirk Spittal gibt es etliche Wanderklassiker, die vor allem an wundersch\u00f6nen Herbsttagen Wanderer-Str\u00f6me anlocken k\u00f6nnen. Wer hier abseits der bekannten Routen unterwegs sein m\u00f6chte, kann auch Kurs auf besondere und eher unbekannte Ziele nehmen. SPITTAL. In Spittal gibt es auf diesen Routen zahlreiche H\u00fctten, die f\u00fcr das leibliche Wohl auf luftigen H\u00f6hen sorgen. Gerade der goldene Herbst bietet sich f\u00fcr lange Wandertage an, wo die H\u00fctten-Kulinarik mit einer z\u00fcnftigen Jause oder einem&#8230;\n                    <\/p>\n<p>Anzeige<\/p>\n<p>                                    <a href=\"https:\/\/www.meinbezirk.at\/klagenfurt\/c-lokales\/zinsloses-wohnbaudarlehen-unterstuetzt-nachhaltige-wohnprojekte_a8865773?ref=curate\" class=\"stop-click-event-propagation\" rel=\"nofollow noopener\" target=\"_blank\"><\/p>\n<p>                                                                            <img class=\"imagecontainer\" decoding=\"auto\" data-aspect-ratio=\"0.666604373\" src=\"https:\/\/www.europesays.com\/at\/wp-content\/uploads\/2026\/09\/1788406281_276_52302278_L.webp\" style=\"object-position: 50% 22%;\" data-object-position=\"50% 22%\"\/><\/p>\n<p>                                    <\/a><\/p>\n<p>                <a href=\"https:\/\/www.meinbezirk.at\/klagenfurt\/c-lokales\/zinsloses-wohnbaudarlehen-unterstuetzt-nachhaltige-wohnprojekte_a8865773?ref=curate\" class=\"stop-click-event-propagation\" rel=\"nofollow noopener\" target=\"_blank\"><\/p>\n<p>\n                            AK K\u00e4rnten\n                        <\/p>\n<p>                                        Zinsloses Wohnbaudarlehen unterst\u00fctzt nachhaltige Wohnprojekte<br \/>\n                <\/a><\/p>\n<p class=\"line-clamp\" style=\"--line-clamp: 4\">\n                        Das Wohnbaudarlehen der AK K\u00e4rnten unterst\u00fctzt Arbeitnehmerinnen und Arbeitnehmer mit bis zu 8000 EUR bei Photovoltaik, Wallbox, Zisterne und vielen weiteren Sanierungsprojekten. F\u00fcr Menschen unter 35 Jahren gibt es \u2013 ebenfalls zinslos \u2013 bis zu 3.000 EUR beim Erstbezug einer Gemeinde- oder Genossenschaftswohnung. K\u00c4RNTEN. Nachhaltig bauen, modernisieren oder einfach die Wohnkosten stemmen: Das zinslose Wohnbaudarlehen der Arbeiterkammer K\u00e4rnten bleibt f\u00fcr viele Besch\u00e4ftigte eine wichtige&#8230;\n                    <\/p>\n<p>Anzeige<\/p>\n<p>                                    <a href=\"https:\/\/www.meinbezirk.at\/villach\/c-lokales\/jetzt-foto-von-dir-und-deinem-tierischen-liebling-einsenden-und-gewinnen_a8849003?ref=curate\" class=\"stop-click-event-propagation\" rel=\"nofollow noopener\" target=\"_blank\"><\/p>\n<p>                                                                            <img class=\"imagecontainer\" decoding=\"auto\" data-aspect-ratio=\"0.561702128\" src=\"https:\/\/www.europesays.com\/at\/wp-content\/uploads\/2026\/09\/1788406282_413_52278233_L.webp\"\/><\/p>\n<p>                                    <\/a><\/p>\n<p>                                1<\/p>\n<p>                <a href=\"https:\/\/www.meinbezirk.at\/villach\/c-lokales\/jetzt-foto-von-dir-und-deinem-tierischen-liebling-einsenden-und-gewinnen_a8849003?ref=curate\" class=\"stop-click-event-propagation\" rel=\"nofollow noopener\" target=\"_blank\"><\/p>\n<p>\n                            Gewinnspiel\n                        <\/p>\n<p>                                        Jetzt Foto von dir und deinem tierischen Liebling einsenden und gewinnen!<br \/>\n                <\/a><\/p>\n<p class=\"line-clamp\" style=\"--line-clamp: 4\">\n                        Zeig dich mit deinem tierischen Liebling: Ob beim Spielen, auf Reisen oder einfach zu Hause \u2013 mit unseren tierischen Lieblingen entstehen immer wieder sch\u00f6ne, lustige und besondere Momente. Zeig uns deinen liebsten gemeinsamen Schnappschuss und schick dein Lieblingsfoto bis 6. September 2026 an marketing.kaernten@meinbezirk.at. Aus allen Einsendungen w\u00e4hlt Perro seine pers\u00f6nlichen Favoriten aus, die anschlie\u00dfend beim Publikumsvoting um die drei ersten Pl\u00e4tze k\u00e4mpfen. Also schnell mitmachen und&#8230;\n                    <\/p>\n<p>Anzeige<\/p>\n<p>                                    <a href=\"https:\/\/www.meinbezirk.at\/spittal\/c-lokales\/diese-wild-und-ganslspezialitaeten-in-millstatt-am-see-musst-du-probieren_a8866928?ref=curate\" class=\"stop-click-event-propagation\" rel=\"nofollow noopener\" target=\"_blank\"><\/p>\n<p>                                                                            <img class=\"imagecontainer\" decoding=\"auto\" data-aspect-ratio=\"0.466554244\" src=\"https:\/\/www.europesays.com\/at\/wp-content\/uploads\/2026\/09\/52299482_L.webp\"\/><\/p>\n<p>                                    <\/a><\/p>\n<p>                                15<\/p>\n<p>                <a href=\"https:\/\/www.meinbezirk.at\/spittal\/c-lokales\/diese-wild-und-ganslspezialitaeten-in-millstatt-am-see-musst-du-probieren_a8866928?ref=curate\" class=\"stop-click-event-propagation\" wp_automatic_readability=\"2\" rel=\"nofollow noopener\" target=\"_blank\"><\/p>\n<p>\n                            See-Villa Millstatt: Bar &amp; Restaurant &#8222;1884&#8220;\n                        <\/p>\n<p>                                        Diese Wild- &amp; Ganslspezialit\u00e4ten in Millstatt am See musst du probieren<br \/>\n                <\/a><\/p>\n<p class=\"line-clamp\" style=\"--line-clamp: 4\">\n                        Wenn der Herbst Einzug h\u00e4lt, wird es auch auf den Tellern wieder herzhaft und genussvoll. In der See-Villa in Millstatt stehen deshalb die kommenden Wochen ganz im Zeichen von Wildspezialit\u00e4ten und traditionellen Ganslgerichten. MILLSTATT. In der See-Villa in Millstatt stehen im Herbst kulinarische Gen\u00fcsse rund um Wild und Gans auf dem Programm. Von 10. Oktober bis 25. Oktober tischt K\u00fcchenchef Christian Unterzaucher im Seerestaurant \u201e1884\u201c im Rahmen der Wildwochen Spezialit\u00e4ten auf. So stehen&#8230;\n                    <\/p>\n<p>Anzeige<\/p>\n<p>                                    <a href=\"https:\/\/www.meinbezirk.at\/villach\/c-lokales\/schuleinkauf-im-wert-von-250-bei-strein-1923-gewinnen_a8833213?ref=curate\" class=\"stop-click-event-propagation\" rel=\"nofollow noopener\" target=\"_blank\"><\/p>\n<p>                                                                            <img class=\"imagecontainer\" decoding=\"auto\" data-aspect-ratio=\"0.561702128\" src=\"https:\/\/www.europesays.com\/at\/wp-content\/uploads\/2026\/09\/1788406284_185_52299116_L.webp\"\/><\/p>\n<p>                                    <\/a><\/p>\n<p>                                1<\/p>\n<p>                                Aktion<\/p>\n<p>                <a href=\"https:\/\/www.meinbezirk.at\/villach\/c-lokales\/schuleinkauf-im-wert-von-250-bei-strein-1923-gewinnen_a8833213?ref=curate\" class=\"stop-click-event-propagation\" wp_automatic_readability=\"2\" rel=\"nofollow noopener\" target=\"_blank\"><\/p>\n<p>\n                            Seit \u00fcber 100 Jahren Ihr Schulstart-Fachgesch\u00e4ft\n                        <\/p>\n<p>                                        Schuleinkauf im Wert von 250 \u20ac bei STREIN 1923 gewinnen<br \/>\n                <\/a><\/p>\n<p class=\"line-clamp\" style=\"--line-clamp: 4\">\n                        Ob Volksschule, Mittelschule, Gymnasium oder HTL: Bei STREIN finden Familien alles f\u00fcr den Schulalltag \u2013 von Heften, Schreibwaren und Zeichenbedarf bis zu Schultaschen, Rucks\u00e4cken und weiterem Schulzubeh\u00f6r. Dazu gibt\u2019s pers\u00f6nliche Beratung und eine gro\u00dfe Auswahl direkt vor Ort. VILLACH. Mit dem STREIN-Schullisten-Service wird der Schulstart unkompliziert: Schulliste einfach per E-Mail an shop@strein.at oder per WhatsApp an 0676\/84 55 21 300 schicken \u2013 wir stellen alles fertig zur Abholung&#8230;\n                    <\/p>\n<p>Anzeige<\/p>\n<p>                                    <a href=\"https:\/\/www.meinbezirk.at\/villach\/c-lokales\/jetzt-schultaschen-aktion-bei-lebag-sichern_a8864699?ref=curate\" class=\"stop-click-event-propagation\" rel=\"nofollow noopener\" target=\"_blank\"><\/p>\n<p>                                                                            <img class=\"imagecontainer\" decoding=\"auto\" data-aspect-ratio=\"0.5\" src=\"https:\/\/www.europesays.com\/at\/wp-content\/uploads\/2026\/09\/1788406285_687_52287068_L.webp\" style=\"object-position: 14% 47%;\" data-object-position=\"14% 47%\"\/><\/p>\n<p>                                    <\/a><\/p>\n<p>                                8<\/p>\n<p>                <a href=\"https:\/\/www.meinbezirk.at\/villach\/c-lokales\/jetzt-schultaschen-aktion-bei-lebag-sichern_a8864699?ref=curate\" class=\"stop-click-event-propagation\" rel=\"nofollow noopener\" target=\"_blank\"><\/p>\n<p>\n                            4 Filialen in K\u00e4rnten\n                        <\/p>\n<p>                                        Jetzt Schultaschen-Aktion bei LeBag sichern<br \/>\n                <\/a><\/p>\n<p class=\"line-clamp\" style=\"--line-clamp: 4\">\n                        Bei LeBag in Villach und Klagenfurt dreht sich zum Schulstart alles um Schultaschen und Schulrucks\u00e4cke. Im Rahmen der aktuellen Schultaschen-Aktion wartet eine gro\u00dfe Auswahl an unterschiedlichen Modellen, Farben und Designs. VILLACH\/KLAGENFURT. Die richtige Schultasche muss im Schulalltag einiges mitmachen. Neben der Optik spielen daher vor allem ein angenehmer Sitz, ausreichend Stauraum und eine praktische Aufteilung eine wichtige Rolle. Welches Modell am besten passt, h\u00e4ngt dabei auch vom&#8230;\n                    <\/p>\n<p>Anzeige<\/p>\n<p>                                    <a href=\"https:\/\/www.meinbezirk.at\/klagenfurt\/c-lokales\/private-lesung-im-salotto-del-leone_a8876318?ref=curate\" class=\"stop-click-event-propagation\" rel=\"nofollow noopener\" target=\"_blank\"><\/p>\n<p>                                                                            <img class=\"imagecontainer\" decoding=\"auto\" data-aspect-ratio=\"0.624711316\" src=\"https:\/\/www.europesays.com\/at\/wp-content\/uploads\/2026\/09\/1788406286_198_52394564_L.webp\"\/><\/p>\n<p>                                    <\/a><\/p>\n<p>                                2<\/p>\n<p>                <a href=\"https:\/\/www.meinbezirk.at\/klagenfurt\/c-lokales\/private-lesung-im-salotto-del-leone_a8876318?ref=curate\" class=\"stop-click-event-propagation\" rel=\"nofollow noopener\" target=\"_blank\"><\/p>\n<p>\n                            Leserreise\n                        <\/p>\n<p>                                        Private Lesung im \u201eSalotto del Leone\u201c<br \/>\n                <\/a><\/p>\n<p class=\"line-clamp\" style=\"--line-clamp: 4\">\n                        Mit MeinBezirk und Ebner Reisen\u00a0geht es f\u00fcr einen Ausflug und eine exklusive Lesung mit Maresa H\u00f6rbiger und Thomas Smolej nach Venedig. K\u00c4RNTEN.\u00a0Am 16. Oktober ist es so weit: Ebner Reisen und die RegionalMedien K\u00e4rnten veranstalten eine Leserreise in die magische Lagunenstadt Venedig. Genie\u00dfen Sie tags\u00fcber \u201eBella Venezia\u201c, am Abend entf\u00fchrt die szenische Lesung der \u00f6sterreichischen Kammerschauspielerin Maresa H\u00f6rbiger und des K\u00e4rntner Regisseurs Thomas Smolej an einen Ort der Sehns\u00fcchte und&#8230;\n                    <\/p>\n<p>        \u00d7<\/p>\n<p>    Video einbetten<\/p>\n<p class=\"help\">Es k\u00f6nnen nur einzelne Videos der jeweiligen Plattformen eingebunden werden, nicht jedoch Playlists, Streams oder \u00dcbersichtsseiten.<\/p>\n<p>        \u00d7<\/p>\n<p>    Code einbetten<\/p>\n<p>        Funktionalit\u00e4t des eingebetteten Codes ohne Gew\u00e4hr. Bitte Einbettungen f\u00fcr Video, Social, Link und Maps mit dem vom System vorgesehenen Einbettungsfuntkionen vornehmen.\n    <\/p>\n<p>                    Du m\u00f6chtest selbst beitragen?<\/p>\n<p>Melde dich jetzt kostenlos an, um selbst mit eigenen Inhalten beizutragen.<\/p>\n<p>            \u00d7<\/p>\n","protected":false},"excerpt":{"rendered":"Gro\u00dfeinsatz in Villach Lkw st\u00fcrzte in Eisenbahnunterf\u00fchrung um 2. September 2026, 16:19\u00a0Uhr Redaktion Laura Anna Kahl Du m\u00f6chtest&hellip;\n","protected":false},"author":2,"featured_media":372060,"comment_status":"","ping_status":"","sticky":false,"template":"","format":"standard","meta":{"footnotes":"","_share_on_mastodon":"0"},"categories":[6],"tags":[46,42,44,43,45],"class_list":["post-372059","post","type-post","status-publish","format-standard","has-post-thumbnail","category-oesterreich","tag-at","tag-austria","tag-oesterreich","tag-republic-of-austria","tag-republik-oesterreich"],"share_on_mastodon":{"url":"https:\/\/pubeurope.com\/@at\/117205001773357464","error":""},"_links":{"self":[{"href":"https:\/\/www.europesays.com\/at\/wp-json\/wp\/v2\/posts\/372059","targetHints":{"allow":["GET"]}}],"collection":[{"href":"https:\/\/www.europesays.com\/at\/wp-json\/wp\/v2\/posts"}],"about":[{"href":"https:\/\/www.europesays.com\/at\/wp-json\/wp\/v2\/types\/post"}],"author":[{"embeddable":true,"href":"https:\/\/www.europesays.com\/at\/wp-json\/wp\/v2\/users\/2"}],"replies":[{"embeddable":true,"href":"https:\/\/www.europesays.com\/at\/wp-json\/wp\/v2\/comments?post=372059"}],"version-history":[{"count":0,"href":"https:\/\/www.europesays.com\/at\/wp-json\/wp\/v2\/posts\/372059\/revisions"}],"wp:featuredmedia":[{"embeddable":true,"href":"https:\/\/www.europesays.com\/at\/wp-json\/wp\/v2\/media\/372060"}],"wp:attachment":[{"href":"https:\/\/www.europesays.com\/at\/wp-json\/wp\/v2\/media?parent=372059"}],"wp:term":[{"taxonomy":"category","embeddable":true,"href":"https:\/\/www.europesays.com\/at\/wp-json\/wp\/v2\/categories?post=372059"},{"taxonomy":"post_tag","embeddable":true,"href":"https:\/\/www.europesays.com\/at\/wp-json\/wp\/v2\/tags?post=372059"}],"curies":[{"name":"wp","href":"https:\/\/api.w.org\/{rel}","templated":true}]}}