{"id":372071,"date":"2026-09-03T03:38:12","date_gmt":"2026-09-03T03:38:12","guid":{"rendered":"https:\/\/www.europesays.com\/at\/372071\/"},"modified":"2026-09-03T03:38:12","modified_gmt":"2026-09-03T03:38:12","slug":"george-clooney-spricht-ueber-das-aelterwerden-und-seine-familie-vol-at","status":"publish","type":"post","link":"https:\/\/www.europesays.com\/at\/372071\/","title":{"rendered":"George Clooney spricht \u00fcber das \u00c4lterwerden und seine Familie &#8211; VOL.AT"},"content":{"rendered":"<p><a href=\"https:\/\/news.google.com\/rss\/articles\/CBMijwFBVV95cUxOVVBtS3ZyVVV3c1J0SDJEMlBIbGk1SzlDMFdYdUlpVGlNaVF5Tll4VmdXLVF4a21hSHRpcnF5Y1hnZEF2eUtzTmd4dDlwM3JDUTQ5ODZmM1YzbDJjcS1KY2VkV2V5RFR1NVFCWUQzWUV0V1NiM1g3aE4wcEF3WDlqTEt0cm53RmxRc1FCSEdkaw?oc=5\" target=\"_blank\" rel=\"nofollow noopener\">George Clooney spricht \u00fcber das \u00c4lterwerden und seine Familie<\/a>&nbsp;&nbsp;VOL.AT<a href=\"https:\/\/news.google.com\/rss\/articles\/CBMi3wFBVV95cUxPNWRMclcxc0tXMkM4Vlg4bnB0MG5vSXJoNHo4eVgtU3BuenZPNnRxZVl1UjVwcGFrTzVZMTlrbm0yOWpaRnBZZ0RTa0lGemN0eTY5Smt4MDd3MWZDTlZYNnJQMndPWURLWW9weUtqSVN3Q0UxMEpQV1N2Q1pLMDNPZExJUk5ZTmxzZmE0T0MxWGx2V1dYWFFyWHVPUmtvQ3d6Y24tY1p5TjVVVVF3WDJxUnF1X29WMF9aYUR6ZnA1cHB0WGVRcTBhZUlMYWxUaEdpZ01vUVYxZC1Na05SLXR3?oc=5\" target=\"_blank\" rel=\"nofollow noopener\">George Clooney: &#8222;L\u00f6wenb\u00e4ndiger&#8220;, Mann von Amal Clooney, hochpolitisches Sexsymbol<\/a>&nbsp;&nbsp;Ober\u00f6sterreichische Nachrichten<a href=\"https:\/\/news.google.com\/rss\/articles\/CBMiswFBVV95cUxNS3Jkd0VYeXM3dzhJUjBZSk83YVl1Q21ZSmRYemRqY05aaFJHcGhYc01sWXpZby00WHRYVV9aWVBYeXNTR1NSdnZYc2U1d0s5Z3RCemZrZ2JxbGZxLWJRSmh6YUhSVDhxMFkzelZGRVpDS3JVOHViOHh3bU1WcGEwSEdiVG9PQ0lVdldpNXpyVHFmLTlIeGJVYzk1OWRoOWVKVGdvU2l6M24xTDBsTkpSbDdZbw?oc=5\" target=\"_blank\" rel=\"nofollow noopener\">Der b\u00f6se Wolf EU: Wie politisch wird das Filmfestival in Venedig?<\/a>&nbsp;&nbsp;Der Standard<a href=\"https:\/\/news.google.com\/rss\/articles\/CBMipgFBVV95cUxQa3R0VUJvY014ZFBfTlJYMHBsS0FKcVVRWkVLckhUNDBRbFh6Q2lJQzRqbjBMU2N0dXJaUjhHVGI5QzlGWVctTGUtaFM3WEF0UGotWWNVTHZ6ZGctVE1PbmRxZXQ2SVRQSndia25mTGNtbFJXM0VQNVM0NHM1ZzhtamliVVF2X05IamxPSThOOTlhQmxSbTdNVjA3anlTUkxhYmJuTk1R?oc=5\" target=\"_blank\" rel=\"nofollow noopener\">Filmfestspiele Venedig: Kritik an geringem Frauenanteil im Wettbewerb<\/a>&nbsp;&nbsp;DiePresse.com<a href=\"https:\/\/news.google.com\/rss\/articles\/CBMi2gFBVV95cUxNS1JjWm5GZWRDeXpxSW50SEU2SWdEdW5reXNFNW5YVk4yWDI5VlJYYXU5bGZHU1dENkpLaEpVQ25HcFdwN2c4VWZycmFVR3Z1QWtJYVJGQUp6cUw4OWZUcVRENko0ZDE5aDRFQ1dKcVRORlNBc0UzaGpaMUNpQlBlcEdWenJVeC1pMlJoNGNxTWFDY1VmRUVNY0h6X2hEOGN4U250cElRcW5jamZVa0lfRWNMejA5eU1NTjNTNW9XbTdIUkRQUVQ0TXpkS2FGVFhxRDdlVE5wVW1qdw?oc=5\" target=\"_blank\" rel=\"nofollow noopener\">Zur Galerie Filmfestspiele: Diese deutsche Schauspielerin mischt schon jetzt Venedig auf<\/a>&nbsp;&nbsp;GALA.de<\/p>\n","protected":false},"excerpt":{"rendered":"George Clooney spricht \u00fcber das \u00c4lterwerden und seine Familie&nbsp;&nbsp;VOL.ATGeorge Clooney: &#8222;L\u00f6wenb\u00e4ndiger&#8220;, Mann von Amal Clooney, hochpolitisches Sexsymbol&nbsp;&nbsp;Ober\u00f6sterreichische NachrichtenDer&hellip;\n","protected":false},"author":2,"featured_media":372072,"comment_status":"","ping_status":"","sticky":false,"template":"","format":"standard","meta":{"footnotes":"","_share_on_mastodon":"0"},"categories":[27],"tags":[10141,46,42,175,147,1251,90763,10422,45002,2071,44,176,1328,204,1000,18126,148,439,8421],"class_list":["post-372071","post","type-post","status-publish","format-standard","has-post-thumbnail","category-prominente","tag-amal-clooney","tag-at","tag-austria","tag-celebrities","tag-entertainment","tag-familie","tag-filmfestspiele-venedig","tag-george-clooney","tag-goldener-loewe","tag-hollywood","tag-oesterreich","tag-prominente","tag-regisseur","tag-schauspieler","tag-stars","tag-tv-und-film","tag-unterhaltung","tag-usa","tag-venedig"],"share_on_mastodon":{"url":"https:\/\/pubeurope.com\/@at\/117205028462516667","error":""},"_links":{"self":[{"href":"https:\/\/www.europesays.com\/at\/wp-json\/wp\/v2\/posts\/372071","targetHints":{"allow":["GET"]}}],"collection":[{"href":"https:\/\/www.europesays.com\/at\/wp-json\/wp\/v2\/posts"}],"about":[{"href":"https:\/\/www.europesays.com\/at\/wp-json\/wp\/v2\/types\/post"}],"author":[{"embeddable":true,"href":"https:\/\/www.europesays.com\/at\/wp-json\/wp\/v2\/users\/2"}],"replies":[{"embeddable":true,"href":"https:\/\/www.europesays.com\/at\/wp-json\/wp\/v2\/comments?post=372071"}],"version-history":[{"count":0,"href":"https:\/\/www.europesays.com\/at\/wp-json\/wp\/v2\/posts\/372071\/revisions"}],"wp:featuredmedia":[{"embeddable":true,"href":"https:\/\/www.europesays.com\/at\/wp-json\/wp\/v2\/media\/372072"}],"wp:attachment":[{"href":"https:\/\/www.europesays.com\/at\/wp-json\/wp\/v2\/media?parent=372071"}],"wp:term":[{"taxonomy":"category","embeddable":true,"href":"https:\/\/www.europesays.com\/at\/wp-json\/wp\/v2\/categories?post=372071"},{"taxonomy":"post_tag","embeddable":true,"href":"https:\/\/www.europesays.com\/at\/wp-json\/wp\/v2\/tags?post=372071"}],"curies":[{"name":"wp","href":"https:\/\/api.w.org\/{rel}","templated":true}]}}