{"id":372083,"date":"2026-09-03T03:48:23","date_gmt":"2026-09-03T03:48:23","guid":{"rendered":"https:\/\/www.europesays.com\/at\/372083\/"},"modified":"2026-09-03T03:48:23","modified_gmt":"2026-09-03T03:48:23","slug":"sturm-frauen-ziehen-in-zweite-qualirunde-des-europa-cups-ein","status":"publish","type":"post","link":"https:\/\/www.europesays.com\/at\/372083\/","title":{"rendered":"Sturm-Frauen ziehen in zweite Qualirunde des Europa Cups ein"},"content":{"rendered":"<p>Erfolgreicher Tag f\u00fcr die Sturm Graz Frauen in der Europacup-Quali!<\/p>\n<p>Die Grazerinnen gewinnen in der 1. Qualifikationsrunde des UEFA Women\u2019s Europa Cups gegen den litauischen Rekordmeister FC Gintra in einer torreichen Partie mit 5:3. Nach dem 2:1-Hinspielsieg zieht Sturm damit in die 2. und letzte Qualirunde.<\/p>\n<p>Ereignisreicher Beginn<\/p>\n<p>Aus \u00f6sterreichischer Sicht beginnt die Partie perfekt: Pulins bringt die Grazerinnen infolge einer Ecke mit einem wuchtigen Schuss in F\u00fchrung (3.).<\/p>\n<p>Doch die Gastgeberinnen schlagen fast umgehend zur\u00fcck: Nach einem Fehler im Aufbau geht es schnell, Pereviznyk bleibt vor Torfrau D\u00fcbel cool (7.). Nur eine Minute sp\u00e4ter dreht Gintra die Partie. Mideva l\u00e4sst D\u00fcbel nach einem Steilpass aussteigen und schiebt ins leere Tor ein.<\/p>\n<p>Damit aber nicht genug, denn nach einer Viertelstunde steht es bereits 3:1. Pereviznyk avanciert durch ein sehenswertes Tor zur Doppepackerin. Beinahe aus dem Stand trifft sie ins linke, obere Eck. Von der Unterkante der Latte springt das Leder ins Netz.<\/p>\n<p>F\u00fcnf Tore nach einer halben Stunde<\/p>\n<p>Nach einer kurzzeitgen Ruhephase kann Sturm verk\u00fcrzen: Sipos wird mit einem hohen Pass in die Tiefe am linken Fl\u00fcgel gefunden. Die Ungarin entscheidet sich selbst f\u00fcr den Abschluss und versenkt flach ins lange Eck (27.)<\/p>\n<p>Und so schnell, wie die Steirerinnen in R\u00fcckstand geraten sind, so schnell gleichen sie wieder aus. Au\u00dfenverteidigerin Spie\u00df setzt sich rechts durch und bringt einen Stanglpass ins Zentrum, den Yancey ins eigene Tor kl\u00e4rt (33.)<\/p>\n<p>Kurz vor Pausenpfiff gelingt Sturm sogar die Wende: Gintra-Torh\u00fcterin Herasymchuk blockt eine Hereingabe zwar ab, das Leder springt aber direkt an die Beine von Pulins. Von dort aus kugelt der Ball ins Tor (45.+2).<\/p>\n<p>Entscheidung vom Punkt<\/p>\n<p>Im zweiten Durchgang machen die Steirerinnen da weiter, wo sie gegen Ende der ersten H\u00e4lfte aufgeh\u00f6rt haben. Pulins \u00fcbernimmt Verantwortung vom Punkt und erzielt ihren dritten Treffer des Tages (54.).<\/p>\n<p>Danach flacht die Partie deutlich ab und Sturm bringt den Vorsprung souver\u00e4n \u00fcber die Zeit. Am Ende bleibt es beim klaren 5:3-Ausw\u00e4rtserfolg.<\/p>\n<p>Auf wen Sturm Graz in der zweiten Runde trifft ist noch unklar. Die Auslosung findet am 4. September statt.<\/p>\n","protected":false},"excerpt":{"rendered":"Erfolgreicher Tag f\u00fcr die Sturm Graz Frauen in der Europacup-Quali! Die Grazerinnen gewinnen in der 1. Qualifikationsrunde des&hellip;\n","protected":false},"author":2,"featured_media":372084,"comment_status":"","ping_status":"","sticky":false,"template":"","format":"standard","meta":{"footnotes":"","_share_on_mastodon":"0"},"categories":[3],"tags":[76,75,74,12239,964,24150,91693],"class_list":["post-372083","post","type-post","status-publish","format-standard","has-post-thumbnail","category-europa","tag-eu","tag-europa","tag-europe","tag-frauen-fussball","tag-fussball","tag-sk-sturm-graz-frauen","tag-uefa-womens-europa-cup"],"share_on_mastodon":{"url":"https:\/\/pubeurope.com\/@at\/117205067661411138","error":""},"_links":{"self":[{"href":"https:\/\/www.europesays.com\/at\/wp-json\/wp\/v2\/posts\/372083","targetHints":{"allow":["GET"]}}],"collection":[{"href":"https:\/\/www.europesays.com\/at\/wp-json\/wp\/v2\/posts"}],"about":[{"href":"https:\/\/www.europesays.com\/at\/wp-json\/wp\/v2\/types\/post"}],"author":[{"embeddable":true,"href":"https:\/\/www.europesays.com\/at\/wp-json\/wp\/v2\/users\/2"}],"replies":[{"embeddable":true,"href":"https:\/\/www.europesays.com\/at\/wp-json\/wp\/v2\/comments?post=372083"}],"version-history":[{"count":0,"href":"https:\/\/www.europesays.com\/at\/wp-json\/wp\/v2\/posts\/372083\/revisions"}],"wp:featuredmedia":[{"embeddable":true,"href":"https:\/\/www.europesays.com\/at\/wp-json\/wp\/v2\/media\/372084"}],"wp:attachment":[{"href":"https:\/\/www.europesays.com\/at\/wp-json\/wp\/v2\/media?parent=372083"}],"wp:term":[{"taxonomy":"category","embeddable":true,"href":"https:\/\/www.europesays.com\/at\/wp-json\/wp\/v2\/categories?post=372083"},{"taxonomy":"post_tag","embeddable":true,"href":"https:\/\/www.europesays.com\/at\/wp-json\/wp\/v2\/tags?post=372083"}],"curies":[{"name":"wp","href":"https:\/\/api.w.org\/{rel}","templated":true}]}}