{"id":372087,"date":"2026-09-03T03:50:16","date_gmt":"2026-09-03T03:50:16","guid":{"rendered":"https:\/\/www.europesays.com\/at\/372087\/"},"modified":"2026-09-03T03:50:16","modified_gmt":"2026-09-03T03:50:16","slug":"beschwerde-nach-rektorenbesetzung-an-ph","status":"publish","type":"post","link":"https:\/\/www.europesays.com\/at\/372087\/","title":{"rendered":"Beschwerde nach Rektorenbesetzung an PH"},"content":{"rendered":"<p>    <img decoding=\"async\" src=\"https:\/\/oekastatic.orf.at\/geolocator\/point\/75411\/region.svg\"\/><\/p>\n<p>Vizerektorin Edda Polz habe bei der Gleichbehandlungskommission Beschwerde wegen geschlechtlicher und weltanschaulicher Diskriminierung erhoben, teilte ihr Rechtsanwalt Dominik Konlechner am Mittwoch mit.<\/p>\n<p>Sie war selbst Bewerberin um die Leitung der Hochschule und vom Hochschulrat im Auswahlverfahren als Bestgereihte eingestuft worden. Zum Rektor bestellt wurde allerdings Bernd Langensteiner. Der Ober\u00f6sterreicher hat die Leitung der PH N\u00d6 mit 1. August \u00fcbernommen.<\/p>\n<p>Polz kritisiert \u201eparteipolitische Besetzung\u201c<\/p>\n<p>Polz spricht von einer \u201eparteipolitischen Besetzung\u201c durch Bildungsminister Christoph Wiederkehr. Dieser sei bei seiner Entscheidung der Personalvertretung und nicht dem Hochschulrat gefolgt. \u201eWissenschaftliche Qualifikation und langj\u00e4hrige F\u00fchrungsarbeit in der terti\u00e4ren Bildung sowie mein Einsatz an der PH N\u00d6 sind offenbar egal\u201c, kritisierte Polz in einer Aussendung.<\/p>\n<p>      <img decoding=\"async\" class=\"lazy-loading\" bad-src=\"data:image\/svg+xml;charset=utf-8,%3Csvg%20xmlns%3D'http%3A%2F%2Fwww.w3.org%2F2000%2Fsvg'%20viewBox%3D'0%200%201332%20888'%2F%3E\" src=\"https:\/\/www.europesays.com\/at\/wp-content\/uploads\/2026\/09\/3169503_bigpicture_1229024_niederoesterreich_heute_vergleich_mit_rektor_der_paedagogis_260611_winter.jpeg\"  alt=\"PH N\u00d6 P\u00e4dagogische Hochschule\"\/><\/p>\n<p>   ORF<\/p>\n<p>      Die P\u00e4dagogische Hochschule in Baden kommt nicht zur Ruhe<\/p>\n<p>Der Dienststellenausschuss hatte sich im Auswahlverfahren f\u00fcr Langensteiner ausgesprochen. Laut Hochschulgesetz f\u00fchrt der Hochschulrat das Auswahlverfahren durch und legt dem zust\u00e4ndigen Minister ein begr\u00fcndetes Gutachten vor. Darin m\u00fcssen die Bewerberinnen und Bewerber nach ihrer Eignung beurteilt werden. Die endg\u00fcltige Bestellung erfolgt durch den Minister.<\/p>\n<p>Aus dem Bildungsministerium hie\u00df es laut einem Bericht des \u201eFalter\u201c, alle drei Personen in der engeren Auswahl seien grunds\u00e4tzlich fachlich geeignet gewesen. Bei Gespr\u00e4chen im Ministerium habe sich Langensteiner im Vergleich als jener Bewerber mit den besten F\u00fchrungsqualit\u00e4ten erwiesen, \u201eum eine komplexe Konfliktsituation aufzul\u00f6sen\u201c.<\/p>\n<p>Gleichbehandlungskommission soll Entscheidung pr\u00fcfen<\/p>\n<p>Polz macht sowohl eine Diskriminierung aufgrund ihres Geschlechts als auch aufgrund der Weltanschauung geltend. Ihr Anwalt erwartet sich von der Gleichbehandlungskommission eine sachliche Beurteilung der Personalentscheidung.<\/p>\n<p>      <img decoding=\"async\" class=\"lazy-loading\" bad-src=\"data:image\/svg+xml;charset=utf-8,%3Csvg%20xmlns%3D'http%3A%2F%2Fwww.w3.org%2F2000%2Fsvg'%20viewBox%3D'0%200%202400%202951'%2F%3E\" src=\"https:\/\/www.europesays.com\/at\/wp-content\/uploads\/2026\/09\/3169535_factbox_1195623_bernd_langensteiner.jpg\"  alt=\"Bernd Langensteiner \/ Rektor \/ Pad\u00e4gogische Hochschule N\u00d6\"\/><\/p>\n<p>   Bernd Langensteiner <\/p>\n<p>      Bernd Langensteiner<\/p>\n<p>Die Bundes-Gleichbehandlungskommission kann bei behaupteten Diskriminierungen im Bundesdienst pr\u00fcfen, ob das Gleichbehandlungsgebot verletzt wurde. Das Verfahren ist nicht \u00f6ffentlich. Die Kommission erstellt ein Gutachten. Schadenersatzanspr\u00fcche m\u00fcssten unabh\u00e4ngig davon vor Gericht geltend gemacht werden.<\/p>\n<p>Langensteiner war vor seiner Bestellung unter anderem Abteilungsleiter der Bildungsregion Wels-Grieskirchen-Eferding in der Bildungsdirektion Ober\u00f6sterreich. Zuvor leitete er das BG\/BRG im ober\u00f6sterreichischen Enns und war an Universit\u00e4ten, Fachhochschulen und P\u00e4dagogischen Hochschulen in der Lehre t\u00e4tig. Die Bestellung des neuen Rektors war Ende Juni bekanntgegeben worden \u2013 mehr dazu in <a href=\"https:\/\/noe.orf.at\/stories\/3359980\/\" rel=\"noopener noreferrer nofollow\" target=\"_blank\">Langensteiner wird neuer Rektor an PH in Baden<\/a> (noe.ORF.at; 25.6.2026).<\/p>\n<p>Unruhige Monate an der Hochschule<\/p>\n<p>Der F\u00fchrungswechsel erfolgte nach monatelangen Auseinandersetzungen um den fr\u00fcheren Rektor Erwin Rauscher. Das Bildungsministerium hatte den langj\u00e4hrigen Leiter der PH N\u00d6 im Oktober 2025 vorzeitig abberufen.<\/p>\n<p>Begr\u00fcndet wurde das mit sogenannten \u201eDummy\u201c-Lehrveranstaltungen, die im Verwaltungssystem angelegt worden waren. Mitarbeitende sollen dar\u00fcber f\u00fcr andere T\u00e4tigkeiten entlohnt worden sein \u2013 mehr dazu in <a href=\"https:\/\/noe.orf.at\/stories\/3324139\/\" rel=\"noopener noreferrer nofollow\" target=\"_blank\">Rektor wegen fingierter Lehrkurse abberufen<\/a> (noe.ORF.at; 2.10.2025).<\/p>\n<p>      <img decoding=\"async\" class=\"lazy-loading\" bad-src=\"data:image\/svg+xml;charset=utf-8,%3Csvg%20xmlns%3D'http%3A%2F%2Fwww.w3.org%2F2000%2Fsvg'%20viewBox%3D'0%200%201001%201080'%2F%3E\" src=\"https:\/\/www.europesays.com\/at\/wp-content\/uploads\/2026\/09\/3169533_factbox_1229025_niederoesterreich_heute_vergleich_mit_rektor_der_paedagogis_260611_winterlei.jpeg\"  alt=\"PH N\u00d6 Erwin Rauscher\"\/><\/p>\n<p>   ORF<\/p>\n<p>      Erwin Rauscher<\/p>\n<p>Die strafrechtlichen Ermittlungen gegen Rauscher wurden Ende 2025 eingestellt. Die Staatsanwaltschaft Wiener Neustadt sah keine strafrechtlich relevanten Malversationen \u2013 mehr dazu in <a href=\"https:\/\/noe.orf.at\/stories\/3337209\/\" rel=\"noopener noreferrer nofollow\" target=\"_blank\">Ermittlungen gegen abberufenen Rektor eingestellt<\/a> (noe.ORF.at; 9.1.2026).<\/p>\n<p>Klage gegen Republik<\/p>\n<p>Rauscher klagte au\u00dferdem die Republik wegen der aus seiner Sicht rechtswidrigen Abberufung. Ende August wurde ein Vergleich mit dem Bildungsministerium rechtswirksam. Anstelle der Abberufung wird sein Sonderdienstverh\u00e4ltnis mit der Republik nun mit 30. September 2026 einvernehmlich aufgel\u00f6st.<\/p>\n<p>Das Ministerium h\u00e4lt nach eigenen Angaben dennoch am Vorwurf einer Dienstpflichtverletzung fest \u2013 mehr dazu in <a href=\"https:\/\/noe.orf.at\/stories\/3368783\/\" rel=\"noopener noreferrer nofollow\" target=\"_blank\">Vorw\u00fcrfe gegen Rektor: Vergleich rechtswirksam<\/a> (noe.ORF.at; 28.8.2026).<\/p>\n","protected":false},"excerpt":{"rendered":"Vizerektorin Edda Polz habe bei der Gleichbehandlungskommission Beschwerde wegen geschlechtlicher und weltanschaulicher Diskriminierung erhoben, teilte ihr Rechtsanwalt Dominik&hellip;\n","protected":false},"author":2,"featured_media":372088,"comment_status":"","ping_status":"","sticky":false,"template":"","format":"standard","meta":{"footnotes":"","_share_on_mastodon":"0"},"categories":[6],"tags":[46,42,44,43,45],"class_list":["post-372087","post","type-post","status-publish","format-standard","has-post-thumbnail","category-oesterreich","tag-at","tag-austria","tag-oesterreich","tag-republic-of-austria","tag-republik-oesterreich"],"share_on_mastodon":{"url":"https:\/\/pubeurope.com\/@at\/117205075857345766","error":""},"_links":{"self":[{"href":"https:\/\/www.europesays.com\/at\/wp-json\/wp\/v2\/posts\/372087","targetHints":{"allow":["GET"]}}],"collection":[{"href":"https:\/\/www.europesays.com\/at\/wp-json\/wp\/v2\/posts"}],"about":[{"href":"https:\/\/www.europesays.com\/at\/wp-json\/wp\/v2\/types\/post"}],"author":[{"embeddable":true,"href":"https:\/\/www.europesays.com\/at\/wp-json\/wp\/v2\/users\/2"}],"replies":[{"embeddable":true,"href":"https:\/\/www.europesays.com\/at\/wp-json\/wp\/v2\/comments?post=372087"}],"version-history":[{"count":0,"href":"https:\/\/www.europesays.com\/at\/wp-json\/wp\/v2\/posts\/372087\/revisions"}],"wp:featuredmedia":[{"embeddable":true,"href":"https:\/\/www.europesays.com\/at\/wp-json\/wp\/v2\/media\/372088"}],"wp:attachment":[{"href":"https:\/\/www.europesays.com\/at\/wp-json\/wp\/v2\/media?parent=372087"}],"wp:term":[{"taxonomy":"category","embeddable":true,"href":"https:\/\/www.europesays.com\/at\/wp-json\/wp\/v2\/categories?post=372087"},{"taxonomy":"post_tag","embeddable":true,"href":"https:\/\/www.europesays.com\/at\/wp-json\/wp\/v2\/tags?post=372087"}],"curies":[{"name":"wp","href":"https:\/\/api.w.org\/{rel}","templated":true}]}}