{"id":372105,"date":"2026-09-03T04:06:17","date_gmt":"2026-09-03T04:06:17","guid":{"rendered":"https:\/\/www.europesays.com\/at\/372105\/"},"modified":"2026-09-03T04:06:17","modified_gmt":"2026-09-03T04:06:17","slug":"emma-delaney-uebernimmt-leitung-der-oesterreichischen-omv-erste-frau-an-der-spitze","status":"publish","type":"post","link":"https:\/\/www.europesays.com\/at\/372105\/","title":{"rendered":"Emma Delaney \u00fcbernimmt Leitung der \u00f6sterreichischen OMV &#8211; Erste Frau an der Spitze"},"content":{"rendered":"<p class=\"wp-block-paragraph\">Emma Delaney ist die neue Vorstandsvorsitzende des \u00f6sterreichischen Energiekonzerns OMV.<\/p>\n<p class=\"wp-block-paragraph\">Wien. Emma Delaney ist seit Dienstag die neue Vorstandsvorsitzende des \u00f6sterreichischen \u00d6l-, Gas- und Chemiekonzerns OMV. Sie folgt auf Alfred Stern, der den Konzern f\u00fcnf Jahre lang leitete. Delaney ist die erste Frau, die diesen Posten bei der OMV bekleidet, und derzeit die einzige weibliche Vorstandsvorsitzende eines Unternehmens im ATX, dem f\u00fchrenden Aktienindex \u00d6sterreichs. Ihr Vertrag bei der OMV ist auf drei Jahre angelegt und kann im beiderseitigen Einvernehmen um weitere zwei Jahre verl\u00e4ngert werden.<\/p>\n<p class=\"wp-block-paragraph\">Delaney bringt \u00fcber 30 Jahre Erfahrung in der Energiebranche mit, unter anderem von ihrer T\u00e4tigkeit bei BP, wo sie einen Gesch\u00e4ftsbereich mit \u00fcber 50.000 Besch\u00e4ftigten in rund 50 L\u00e4ndern leitete. Dieser umfasste das Tankstellennetz, Schmierstoffe und die Ladeinfrastruktur f\u00fcr E-Autos. Sie bringe zudem profunde Kenntnisse im Up- und Downstream- sowie im LNG-Gesch\u00e4ft mit. Analysten sehen die OMV in einer Phase der Neufindung; laut Fachleuten von RBC Europe werde Delaneys Hauptaufgabe darin bestehen, Wachstumsfelder jenseits der Chemie aufzubauen.<\/p>\n<p class=\"wp-block-paragraph\">Die OMV ist ein teilstaatlicher \u00d6l-, Gas- und Chemiekonzern und z\u00e4hlt zu den gr\u00f6\u00dften Energiekonzernen Europas. Unter Sterns F\u00fchrung hatte die OMV den strategischen Umbau weg vom klassischen \u00d6l- und Gasgesch\u00e4ft hin zu Chemie- und Kreislaufwirtschaft vorangetrieben. Als seinen gr\u00f6\u00dften Erfolg bezeichnete er die Zusammenf\u00fchrung der OMV-Tochter Borealis mit dem Chemiekonzern Borouge aus Abu Dhabi sowie die \u00dcbernahme der kanadischen Nova Chemicals.<\/p>\n<p class=\"wp-block-paragraph\">Sie \u00fcbernimmt das Ruder in einer geopolitisch und strategisch anspruchsvollen Zeit, in der geopolitische Risiken im Nahen Osten eine gro\u00dfe Rolle spielen. Im April wurden Anlagen von Borouge bei einem iranischen Angriff in den Vereinigten Arabischen Emiraten besch\u00e4digt, was zu einer vor\u00fcbergehenden Stilllegung der Produktion f\u00fchrte.<\/p>\n<p class=\"wp-block-paragraph\">W\u00e4hrend Sterns Amtszeit flossen mehr als zwei Milliarden Euro an OMV-Dividenden an die Republik \u00d6sterreich, die \u00fcber die \u00d6sterreichische Beteiligungs AG (\u00d6BAG) knapp ein Drittel der OMV-Anteile h\u00e4lt.<\/p>\n<p class=\"wp-block-paragraph\">Quellen: ORF, Der Standard<br \/>Photo: Pester Lloyd (Grafik)<\/p>\n<p>    Copy   Share     Telegram         Whatsapp    Bluesky            Share       reddit        Email          Print <\/p>\n<p class=\"plnc__text\">Unser monatlicher Nachrichtenspiegel: die wichtigsten Meldungen aus Ungarn und Mitteleuropa, einmal im Monat per E-Mail. Kostenlos, kein Spam, jederzeit abbestellbar.<\/p>\n<p> <a class=\"pldw__btn pldw__btn--primary plnc__btn\" href=\"https:\/\/www.pesterlloyd.net\/newsletter\/\" rel=\"nofollow noopener\" target=\"_blank\">Nachrichtenspiegel kostenlos abonnieren<\/a><\/p>\n","protected":false},"excerpt":{"rendered":"Emma Delaney ist die neue Vorstandsvorsitzende des \u00f6sterreichischen Energiekonzerns OMV. Wien. Emma Delaney ist seit Dienstag die neue&hellip;\n","protected":false},"author":2,"featured_media":372106,"comment_status":"","ping_status":"","sticky":false,"template":"","format":"standard","meta":{"footnotes":"","_share_on_mastodon":"0"},"categories":[14],"tags":[46,42,95,90,89,91,94,44,93,92],"class_list":["post-372105","post","type-post","status-publish","format-standard","has-post-thumbnail","category-unternehmen-maerkte","tag-at","tag-austria","tag-business","tag-companies","tag-companies-markets","tag-markets","tag-maerkte","tag-oesterreich","tag-unternehmen","tag-unternehmen-maerkte"],"share_on_mastodon":{"url":"https:\/\/pubeurope.com\/@at\/117205138575159289","error":""},"_links":{"self":[{"href":"https:\/\/www.europesays.com\/at\/wp-json\/wp\/v2\/posts\/372105","targetHints":{"allow":["GET"]}}],"collection":[{"href":"https:\/\/www.europesays.com\/at\/wp-json\/wp\/v2\/posts"}],"about":[{"href":"https:\/\/www.europesays.com\/at\/wp-json\/wp\/v2\/types\/post"}],"author":[{"embeddable":true,"href":"https:\/\/www.europesays.com\/at\/wp-json\/wp\/v2\/users\/2"}],"replies":[{"embeddable":true,"href":"https:\/\/www.europesays.com\/at\/wp-json\/wp\/v2\/comments?post=372105"}],"version-history":[{"count":0,"href":"https:\/\/www.europesays.com\/at\/wp-json\/wp\/v2\/posts\/372105\/revisions"}],"wp:featuredmedia":[{"embeddable":true,"href":"https:\/\/www.europesays.com\/at\/wp-json\/wp\/v2\/media\/372106"}],"wp:attachment":[{"href":"https:\/\/www.europesays.com\/at\/wp-json\/wp\/v2\/media?parent=372105"}],"wp:term":[{"taxonomy":"category","embeddable":true,"href":"https:\/\/www.europesays.com\/at\/wp-json\/wp\/v2\/categories?post=372105"},{"taxonomy":"post_tag","embeddable":true,"href":"https:\/\/www.europesays.com\/at\/wp-json\/wp\/v2\/tags?post=372105"}],"curies":[{"name":"wp","href":"https:\/\/api.w.org\/{rel}","templated":true}]}}