{"id":372125,"date":"2026-09-03T04:30:13","date_gmt":"2026-09-03T04:30:13","guid":{"rendered":"https:\/\/www.europesays.com\/at\/372125\/"},"modified":"2026-09-03T04:30:13","modified_gmt":"2026-09-03T04:30:13","slug":"amazon-aktie-schwaecher-klage-in-den-usa-vorwurf-unfairer-werbepreise-01-09-26","status":"publish","type":"post","link":"https:\/\/www.europesays.com\/at\/372125\/","title":{"rendered":"Amazon-Aktie schw\u00e4cher: Klage in den USA &#8211; Vorwurf unfairer Werbepreise | 01.09.26"},"content":{"rendered":"<p>Die US-Wettbewerbsbeh\u00f6rde FTC und mehrere Bundesstaaten verklagen den Internet-Riesen Amazon wegen des Vorwurfs k\u00fcnstlich verteuerter Werbepl\u00e4tze.<\/p>\n<p>\t\t\u00dcber sieben Jahre hinweg habe der Konzern bei Auktionen von Werbeanzeigen heimlich die Preise nach oben getrieben und so wahrscheinlich zweistellige Milliardenbetr\u00e4ge verdient, teilte die Beh\u00f6rde mit. Die Generalstaatsanw\u00e4lte von 22 Bundesstaaten schlossen sich der Klage an.\t\t\t<\/p>\n<p>&#8222;Diese h\u00f6heren Kosten wurden gr\u00f6\u00dftenteils an die amerikanischen Verbraucher weitergegeben&#8220;, erkl\u00e4rte der FTC-Vorsitzende Andrew Ferguson. Wenn einer der weltweit gr\u00f6\u00dften Online-H\u00e4ndler unlautere Praktiken anwende, k\u00f6nnten die Folgen verheerend sein, so Ferguson. Die Aktien des Konzerns notierten am Montag rund 2,5 Prozent im Minus. Eine Anfrage bei <a href=\"https:\/\/www.finanzen.at\/aktien\/amazon-aktie\" rel=\"nofollow noopener\" target=\"_blank\">Amazon<\/a> zu den Vorw\u00fcrfen blieb zun\u00e4chst unbeantwortet.<\/p>\n<p>Vorwurf: Amazon wollte die Werbeeinnahmen ankurbeln<\/p>\n<p>Unternehmen k\u00f6nnen Amazon daf\u00fcr bezahlen, dass ihre Werbung bei bestimmten Suchergebnissen auftaucht. Welches Unternehmen den Werbeplatz bekommt, wird per Auktion entschieden.<\/p>\n<p>Laut Darstellung der FTC muss der H\u00f6chstbietende daf\u00fcr aber nicht den tats\u00e4chlichen Preis seines Gebots zahlen, sondern nur einen Cent mehr als der Zweitplatzierte. Das hei\u00dft: Wenn eine Firma 200 Dollar bietet und eine andere 190 Dollar, muss die erste Firma nur 190,01 Dollar f\u00fcr den ersteigerten Werbeplatz zahlen. Bei der Produktwerbung habe Amazon aber in nahezu vier von f\u00fcnf F\u00e4llen doch das volle Gebot des Erstplatzierten einkassiert, so der Vorwurf &#8211; und damit gegen die eigenen Regeln versto\u00dfen.\t\t\t<\/p>\n<p>Laut der FTC gibt es f\u00fcr diese Praxis auch Beweise in firmeninternen Dokumenten, in denen von einem &#8222;versteckten Aufschlag&#8220; die Rede sei. Zudem habe der Konzern die Preise mit fiktiven Auktionsteilnehmern selbst in die H\u00f6he getrieben. Der Klage zufolge nahm Amazon die heimliche \u00c4nderung vor, weil der Tech-Riese unzufrieden mit den Einnahmen aus den Werbeauktionen war.&#13;<br \/>\n&#13;\n<\/p>\n<p> Im NASDAQ-Handel zeigte sich die Amazon-Aktie zun\u00e4chst unbeeindruckt, verliert inzwischen jedoch zeitweise 2,17 Prozent auf 254,14 US-Dollar.&#13;<br \/>\n&#13;\n<\/p>\n<p>\/jcf\/DP\/zb<\/p>\n<p>WASHINGTON (dpa-AFX)&#13;<br \/>\n&#13;\n\t<\/p>\n<p>Bildquelle: BobNoah \/ Shutterstock.com,Benny Marty \/ Shutterstock.com,Sundry Photography \/ Shutterstock.com<\/p>\n","protected":false},"excerpt":{"rendered":"Die US-Wettbewerbsbeh\u00f6rde FTC und mehrere Bundesstaaten verklagen den Internet-Riesen Amazon wegen des Vorwurfs k\u00fcnstlich verteuerter Werbepl\u00e4tze. \u00dcber sieben&hellip;\n","protected":false},"author":2,"featured_media":372126,"comment_status":"","ping_status":"","sticky":false,"template":"","format":"standard","meta":{"footnotes":"","_share_on_mastodon":"0"},"categories":[14],"tags":[46,42,95,90,89,91,94,44,93,92],"class_list":["post-372125","post","type-post","status-publish","format-standard","has-post-thumbnail","category-unternehmen-maerkte","tag-at","tag-austria","tag-business","tag-companies","tag-companies-markets","tag-markets","tag-maerkte","tag-oesterreich","tag-unternehmen","tag-unternehmen-maerkte"],"share_on_mastodon":{"url":"https:\/\/pubeurope.com\/@at\/117205233454238756","error":""},"_links":{"self":[{"href":"https:\/\/www.europesays.com\/at\/wp-json\/wp\/v2\/posts\/372125","targetHints":{"allow":["GET"]}}],"collection":[{"href":"https:\/\/www.europesays.com\/at\/wp-json\/wp\/v2\/posts"}],"about":[{"href":"https:\/\/www.europesays.com\/at\/wp-json\/wp\/v2\/types\/post"}],"author":[{"embeddable":true,"href":"https:\/\/www.europesays.com\/at\/wp-json\/wp\/v2\/users\/2"}],"replies":[{"embeddable":true,"href":"https:\/\/www.europesays.com\/at\/wp-json\/wp\/v2\/comments?post=372125"}],"version-history":[{"count":0,"href":"https:\/\/www.europesays.com\/at\/wp-json\/wp\/v2\/posts\/372125\/revisions"}],"wp:featuredmedia":[{"embeddable":true,"href":"https:\/\/www.europesays.com\/at\/wp-json\/wp\/v2\/media\/372126"}],"wp:attachment":[{"href":"https:\/\/www.europesays.com\/at\/wp-json\/wp\/v2\/media?parent=372125"}],"wp:term":[{"taxonomy":"category","embeddable":true,"href":"https:\/\/www.europesays.com\/at\/wp-json\/wp\/v2\/categories?post=372125"},{"taxonomy":"post_tag","embeddable":true,"href":"https:\/\/www.europesays.com\/at\/wp-json\/wp\/v2\/tags?post=372125"}],"curies":[{"name":"wp","href":"https:\/\/api.w.org\/{rel}","templated":true}]}}