{"id":372131,"date":"2026-09-03T04:33:12","date_gmt":"2026-09-03T04:33:12","guid":{"rendered":"https:\/\/www.europesays.com\/at\/372131\/"},"modified":"2026-09-03T04:33:12","modified_gmt":"2026-09-03T04:33:12","slug":"spaetsommer-in-der-steiermark-ueber-30-grad-am-freitag-so-schoen-wird-das-wochenende","status":"publish","type":"post","link":"https:\/\/www.europesays.com\/at\/372131\/","title":{"rendered":"Sp\u00e4tsommer in der Steiermark: \u00dcber 30 Grad am Freitag \u2013 so sch\u00f6n wird das Wochenende"},"content":{"rendered":"<p class=\"line-clamp\" style=\"--line-clamp: 4\">\n                        Wenn sich die Suche nach dem passenden Handy-Deal komplizierter anf\u00fchlt als n\u00f6tig, wird es Zeit, etwas zu \u00e4ndern. Bei Drei findest du Handy-Deals zu Top-Preisen. Du sitzt da, hast 20 Tabs offen, Vergleichsseiten mit den \u201eTop-Deals 2026\u201c, Meinungen aus irgendwelchen Foren, und am Ende bist du kein bisschen schlauer. Ganz im Gegenteil, du wei\u00dft weniger als davor. Kommt dir das bekannt vor? Manchmal f\u00fchlt sich die Suche nach dem passenden Handy-Deal genauso absurd an wie dein Handy mit der&#8230;\n                    <\/p>\n","protected":false},"excerpt":{"rendered":"Wenn sich die Suche nach dem passenden Handy-Deal komplizierter anf\u00fchlt als n\u00f6tig, wird es Zeit, etwas zu \u00e4ndern.&hellip;\n","protected":false},"author":2,"featured_media":372132,"comment_status":"","ping_status":"","sticky":false,"template":"","format":"standard","meta":{"footnotes":"","_share_on_mastodon":"0"},"categories":[6],"tags":[46,42,44,43,45],"class_list":["post-372131","post","type-post","status-publish","format-standard","has-post-thumbnail","category-oesterreich","tag-at","tag-austria","tag-oesterreich","tag-republic-of-austria","tag-republik-oesterreich"],"share_on_mastodon":{"url":"https:\/\/pubeurope.com\/@at\/117205244762146962","error":""},"_links":{"self":[{"href":"https:\/\/www.europesays.com\/at\/wp-json\/wp\/v2\/posts\/372131","targetHints":{"allow":["GET"]}}],"collection":[{"href":"https:\/\/www.europesays.com\/at\/wp-json\/wp\/v2\/posts"}],"about":[{"href":"https:\/\/www.europesays.com\/at\/wp-json\/wp\/v2\/types\/post"}],"author":[{"embeddable":true,"href":"https:\/\/www.europesays.com\/at\/wp-json\/wp\/v2\/users\/2"}],"replies":[{"embeddable":true,"href":"https:\/\/www.europesays.com\/at\/wp-json\/wp\/v2\/comments?post=372131"}],"version-history":[{"count":0,"href":"https:\/\/www.europesays.com\/at\/wp-json\/wp\/v2\/posts\/372131\/revisions"}],"wp:featuredmedia":[{"embeddable":true,"href":"https:\/\/www.europesays.com\/at\/wp-json\/wp\/v2\/media\/372132"}],"wp:attachment":[{"href":"https:\/\/www.europesays.com\/at\/wp-json\/wp\/v2\/media?parent=372131"}],"wp:term":[{"taxonomy":"category","embeddable":true,"href":"https:\/\/www.europesays.com\/at\/wp-json\/wp\/v2\/categories?post=372131"},{"taxonomy":"post_tag","embeddable":true,"href":"https:\/\/www.europesays.com\/at\/wp-json\/wp\/v2\/tags?post=372131"}],"curies":[{"name":"wp","href":"https:\/\/api.w.org\/{rel}","templated":true}]}}