{"id":372147,"date":"2026-09-03T04:49:07","date_gmt":"2026-09-03T04:49:07","guid":{"rendered":"https:\/\/www.europesays.com\/at\/372147\/"},"modified":"2026-09-03T04:49:07","modified_gmt":"2026-09-03T04:49:07","slug":"europas-leitboersen-schliessen-ueberwiegend-etwas-tiefer","status":"publish","type":"post","link":"https:\/\/www.europesays.com\/at\/372147\/","title":{"rendered":"Europas Leitb\u00f6rsen schlie\u00dfen \u00fcberwiegend etwas tiefer"},"content":{"rendered":"<p>Der bange Blick gilt daher der Renditeentwicklung an den Anleihem\u00e4rkten. &#8222;Die Renditen der gr\u00f6\u00dften Schuldner aus dem Euroraum, Frankreich und Italien, haben sich inzwischen \u00fcber der Vier-Prozent-Marke festgesetzt&#8220;, so die Experten der LBBW.<\/p>\n<p>Der Eurozonen-Leitindex Euro-Stoxx-50 holte jedoch zwischenzeitlich deutlichere Abgaben weitgehend auf und lag zum Schluss noch 0,11 Prozent tiefer auf 6.362,15 Punkten. In Frankfurt b\u00fc\u00dfte der DAX 0,50 Prozent auf 25.839,33 Punkte ein. Au\u00dferhalb des Euroraums stemmte sich der Schweizer Leitindex SMI einmal mehr moderat ins Plus, w\u00e4hrend der britische FTSE-100 um 0,30 Prozent auf 10.756,45 Z\u00e4hler nachgab.<\/p>\n<p>St\u00e4rkster Sektor waren die Banken. Unter den Standardwerten aus dem Segment ragten Deutsche Bank und ING heraus. Beide profitierten von Analystenkommentaren. Nach der Kaufempfehlung von Goldman Sachs setzten die Aktien der Deutschen Bank ihre j\u00fcngste Gewinnserie fort und gewannen 1,1 Prozent. ING kletterten um 2,4 Prozent, nachdem Morgan Stanley die Einstufung auf &#8222;Overweight&#8220; angehoben hatte.<\/p>\n<p>Am st\u00e4rksten schlossen Einzelhandelsaktien im Minus. Hier belasteten die herrschenden Konjunktursorgen und das bef\u00fcrchtete Szenario einer Stagflation. Gefragt waren dagegen L&#8217;Oreal. Mit einem Plus von 1,5 Prozent profitierten sie von einer Hochstufung durch Exane BNP auf &#8222;Outperform&#8220;.<\/p>\n<p>Eine Abw\u00e4rtstendenz gab es auch bei den Autowerten zu sehen. Hier r\u00fcckte die Aktie von Volkswagen mit einem Abschlag von 3,8 Prozent in den Fokus. Der Autobauer muss den Euro-Stoxx-50 am 21. September verlassen, wie der Indexanbieter ISS Stoxx am Dienstagabend bekannt gab. Angesichts der Krise der Wolfsburger ist der Aktienkurs seit Jahresbeginn um mehr als ein Viertel gesunken. Auf Sicht von f\u00fcnf Jahren liegt das Minus sogar bei fast zwei Dritteln. \u00dcberraschend kommt der Abstieg aus dem europ\u00e4ischen Leitindex einem H\u00e4ndler zufolge nicht.<\/p>\n","protected":false},"excerpt":{"rendered":"Der bange Blick gilt daher der Renditeentwicklung an den Anleihem\u00e4rkten. &#8222;Die Renditen der gr\u00f6\u00dften Schuldner aus dem Euroraum,&hellip;\n","protected":false},"author":2,"featured_media":372148,"comment_status":"","ping_status":"","sticky":false,"template":"","format":"standard","meta":{"footnotes":"","_share_on_mastodon":"0"},"categories":[14],"tags":[46,42,95,90,89,91,94,44,93,92],"class_list":["post-372147","post","type-post","status-publish","format-standard","has-post-thumbnail","category-unternehmen-maerkte","tag-at","tag-austria","tag-business","tag-companies","tag-companies-markets","tag-markets","tag-maerkte","tag-oesterreich","tag-unternehmen","tag-unternehmen-maerkte"],"share_on_mastodon":{"url":"https:\/\/pubeurope.com\/@at\/117205307558425805","error":""},"_links":{"self":[{"href":"https:\/\/www.europesays.com\/at\/wp-json\/wp\/v2\/posts\/372147","targetHints":{"allow":["GET"]}}],"collection":[{"href":"https:\/\/www.europesays.com\/at\/wp-json\/wp\/v2\/posts"}],"about":[{"href":"https:\/\/www.europesays.com\/at\/wp-json\/wp\/v2\/types\/post"}],"author":[{"embeddable":true,"href":"https:\/\/www.europesays.com\/at\/wp-json\/wp\/v2\/users\/2"}],"replies":[{"embeddable":true,"href":"https:\/\/www.europesays.com\/at\/wp-json\/wp\/v2\/comments?post=372147"}],"version-history":[{"count":0,"href":"https:\/\/www.europesays.com\/at\/wp-json\/wp\/v2\/posts\/372147\/revisions"}],"wp:featuredmedia":[{"embeddable":true,"href":"https:\/\/www.europesays.com\/at\/wp-json\/wp\/v2\/media\/372148"}],"wp:attachment":[{"href":"https:\/\/www.europesays.com\/at\/wp-json\/wp\/v2\/media?parent=372147"}],"wp:term":[{"taxonomy":"category","embeddable":true,"href":"https:\/\/www.europesays.com\/at\/wp-json\/wp\/v2\/categories?post=372147"},{"taxonomy":"post_tag","embeddable":true,"href":"https:\/\/www.europesays.com\/at\/wp-json\/wp\/v2\/tags?post=372147"}],"curies":[{"name":"wp","href":"https:\/\/api.w.org\/{rel}","templated":true}]}}