{"id":372163,"date":"2026-09-03T05:00:10","date_gmt":"2026-09-03T05:00:10","guid":{"rendered":"https:\/\/www.europesays.com\/at\/372163\/"},"modified":"2026-09-03T05:00:10","modified_gmt":"2026-09-03T05:00:10","slug":"meerbusch-ausstellung-dichte-und-durchsicht-startet","status":"publish","type":"post","link":"https:\/\/www.europesays.com\/at\/372163\/","title":{"rendered":"Meerbusch: Ausstellung \u201eDichte und Durchsicht\u201c startet"},"content":{"rendered":"<p class=\"text_ohne_einzug richtext text-em-55 !leading-serif mx-6 desktop:mx-0\">  In der Teloy-M\u00fchle er\u00f6ffnet am Sonntag, 6. September, um 16 Uhr eine Sonderausstellung des Vereins Meerbuscher K\u00fcnstler. Unter dem Titel \u201eDichte und Durchsicht\u201c haben sich vier Mitglieder des Vereins und vier G\u00e4ste k\u00fcnstlerisch auf unterschiedliche Weise mit dem Thema auseinandergesetzt: von Malerei und Fotografie \u00fcber Skulptur bis hin zu vielschichtigen Mischtechniken. Frische junge Perspektiven bringen einige Meerbuscher Sch\u00fcler in die Gemeinschaftsausstellung ein, die sich in der AG Vielfalt Kunst des St\u00e4dtischen Meerbusch Gymnasiums engagieren. <\/p>\n<p class=\"richtext text-em-55 !leading-serif mx-6 desktop:mx-0\">Als ein faszinierendes Spiel mit Wahrnehmung, Schichten und Natur sieht Tina Michalowska das Thema \u201eDichte und Durchsicht\u201c. Eigens f\u00fcr die Ausstellung hat sie Eindr\u00fccke von Spazierg\u00e4ngen entlang des Rheins verarbeitet. Michaela Kura hat bei dem Thema die vermeintliche Gegens\u00e4tzlichkeit gereizt. Sie begab sich mit dem Fotoapparat auf die Suche nach Materialien, die sowohl Dichte als auch Durchsicht in sich bergen.<\/p>\n<p class=\"richtext text-em-55 !leading-serif mx-6 desktop:mx-0\">Auch Erika Danes zeigt in der Themenausstellung Fotografien. Glas und Spiegelungen hatten sie inspiriert. Dabei habe sie den \u201eFeind im Gartenteich\u201c entdeckt, das Spiegelbild eines Reihers auf der dichten Wasseroberfl\u00e4che. Auch Buddelschiffe von der Nordseek\u00fcste tauchten bei der Besch\u00e4ftigung mit dem Thema auf. Sie stellt ein k\u00fcnstlerisch bearbeitetes Buddelschiff aus.<\/p>\n<p class=\"richtext text-em-55 !leading-serif mx-6 desktop:mx-0\">Ilse Petry-Ambrosius hat auf Leinwand dunkle Pinien gemalt. Dabei leuchtet starkes, farbiges Licht durch die W\u00e4lder.<\/p>\n<p class=\"richtext text-em-55 !leading-serif mx-6 desktop:mx-0\">Einer der eingeladenen G\u00e4ste ist Chris Focke. Er stellt drei Comic-Zeichnungen aus. Sein Wissen gibt er seit vielen Jahren in Comic-Zeichenkursen an der Volkshochschule Krefeld weiter. Mit einem besonderen Faible f\u00fcr Sprache und hintergr\u00fcndige Wortspiele l\u00e4dt er nun dazu ein, in der Ausstellung \u201eDichte und Durchsicht&#8220; seine freien Arbeiten zu entdecken.<\/p>\n<p class=\"italic richtext text-em-55 !leading-serif mx-6 desktop:mx-0\">Die Ausstellung ist vom 6. bis 20. September in der Teloy-M\u00fchle zu sehen. \u00d6ffnungszeiten sind von Dienstag bis Samstag von 15 bis 18 Uhr, Sonntag von 11 bis 18 Uhr.<\/p>\n","protected":false},"excerpt":{"rendered":"In der Teloy-M\u00fchle er\u00f6ffnet am Sonntag, 6. September, um 16 Uhr eine Sonderausstellung des Vereins Meerbuscher K\u00fcnstler. Unter&hellip;\n","protected":false},"author":2,"featured_media":372164,"comment_status":"","ping_status":"","sticky":false,"template":"","format":"standard","meta":{"footnotes":"","_share_on_mastodon":"0"},"categories":[26],"tags":[158,157,46,2210,42,159,93179,93178,147,65486,67128,161,160,2886,65490,49778,22896,44,5530,11370,148,7482],"class_list":["post-372163","post","type-post","status-publish","format-standard","has-post-thumbnail","category-kunst-und-design","tag-art","tag-art-and-design","tag-at","tag-ausstellung","tag-austria","tag-design","tag-dichte","tag-durchsicht","tag-entertainment","tag-gemeinschaftsausstellung","tag-gymnasiums","tag-kunst","tag-kunst-und-design","tag-kuenstler","tag-kuenstlerisch","tag-meerbusch","tag-mitglieder","tag-oesterreich","tag-sonderausstellung","tag-thema","tag-unterhaltung","tag-verein"],"share_on_mastodon":{"url":"https:\/\/pubeurope.com\/@at\/117205350943994875","error":""},"_links":{"self":[{"href":"https:\/\/www.europesays.com\/at\/wp-json\/wp\/v2\/posts\/372163","targetHints":{"allow":["GET"]}}],"collection":[{"href":"https:\/\/www.europesays.com\/at\/wp-json\/wp\/v2\/posts"}],"about":[{"href":"https:\/\/www.europesays.com\/at\/wp-json\/wp\/v2\/types\/post"}],"author":[{"embeddable":true,"href":"https:\/\/www.europesays.com\/at\/wp-json\/wp\/v2\/users\/2"}],"replies":[{"embeddable":true,"href":"https:\/\/www.europesays.com\/at\/wp-json\/wp\/v2\/comments?post=372163"}],"version-history":[{"count":0,"href":"https:\/\/www.europesays.com\/at\/wp-json\/wp\/v2\/posts\/372163\/revisions"}],"wp:featuredmedia":[{"embeddable":true,"href":"https:\/\/www.europesays.com\/at\/wp-json\/wp\/v2\/media\/372164"}],"wp:attachment":[{"href":"https:\/\/www.europesays.com\/at\/wp-json\/wp\/v2\/media?parent=372163"}],"wp:term":[{"taxonomy":"category","embeddable":true,"href":"https:\/\/www.europesays.com\/at\/wp-json\/wp\/v2\/categories?post=372163"},{"taxonomy":"post_tag","embeddable":true,"href":"https:\/\/www.europesays.com\/at\/wp-json\/wp\/v2\/tags?post=372163"}],"curies":[{"name":"wp","href":"https:\/\/api.w.org\/{rel}","templated":true}]}}