{"id":372165,"date":"2026-09-03T05:02:09","date_gmt":"2026-09-03T05:02:09","guid":{"rendered":"https:\/\/www.europesays.com\/at\/372165\/"},"modified":"2026-09-03T05:02:09","modified_gmt":"2026-09-03T05:02:09","slug":"gluecksgefuehle-warum-alphaville-vom-festival-ausgeladen-wurden-hockenheim","status":"publish","type":"post","link":"https:\/\/www.europesays.com\/at\/372165\/","title":{"rendered":"\u201eGl\u00fccksgef\u00fchle\u201c: Warum Alphaville vom Festival ausgeladen wurden &#8211; Hockenheim"},"content":{"rendered":"<p class=\"rhp-dpa-teaser\">Die Band Alphaville sollte am Freitag am Hockenheimring spielen. Doch das \u201eGl\u00fccksgef\u00fchle\u201c-Festival sagt den Auftritt ab \u2013 und l\u00f6st einen Streit \u00fcber Politik aus.<\/p>\n<p>Alphaville-S\u00e4nger Marian Gold sch\u00e4umt: Die M\u00fcnsteraner Pop-Gruppe, die in den 1980er Jahren mit Hits wie \u201eBig in <a class=\"rtr-entity\" data-rtr-entity=\"Japan\" data-rtr-id=\"ba111ce19b9f384d0496a31a0a09166de8bcbec7\" data-rtr-score=\"7.03125\" data-rtr-etype=\"location\" data-rtr-index=\"10\" href=\"https:\/\/www.rheinpfalz.de\/themen\/japan\" rel=\"nofollow noopener\" target=\"_blank\">Japan<\/a>\u201c, \u201eForever Young\u201c und \u201eSounds Like A Melody\u201c weltweit Chart-Erfolge feierte, ist \u00fcberraschend vom \u201eGl\u00fccksgef\u00fchle\u201c-Festival auf dem Hockenheimring ausgeladen worden, wo die Band am Freitag h\u00e4tte auftreten sollen.<\/p>\n<p>Die Begr\u00fcndung der Absage habe die Band \u201efassungslos\u201c gemacht, schreibt Gold auf <a class=\"rtr-entity\" data-rtr-entity=\"Facebook\" data-rtr-id=\"47e0b3e1a25a8c8ea5d799a0bc2d6e74a811615d\" data-rtr-score=\"11.589439655172415\" data-rtr-etype=\"organisation\" data-rtr-index=\"8\" href=\"https:\/\/www.rheinpfalz.de\/themen\/facebook\" rel=\"nofollow noopener\" target=\"_blank\">Facebook<\/a>. Laut Gold verwies der Veranstalter darauf, dass \u201ewir keine politischen Themen oder \u00c4u\u00dferungen jeglicher Art auf unserer B\u00fchne dulden.\u201c Gold schreibt von einem \u201eMaulkorberlass\u201c, wie es ihn in Diktaturen gebe. \u201eAlphaville halten Meinungsfreiheit, Toleranz und Demokratie noch immer f\u00fcr hohe G\u00fcter, die mit allen legalen Mitteln verteidigt werden m\u00fcssen\u201c, so Gold. Die Band nehme die Ausladung zur Kenntnis. \u201eDieser feindselige und vollkommen unn\u00f6tige Aktl\u00e4sst tief blicken, was das Demokratie- und Werteverst\u00e4ndnis der Verantwortlichen des Gl\u00fccksgef\u00fchle-Festivals betrifft.\u201c Die Gruppe werde sich weiter f\u00fcr Toleranz, Freiheit und Demokratie einsetzen.<\/p>\n<p>Mehr zum Thema<a class=\"nfy-teaser nfy-teaser-small nfy-no-teasertext rhp-trakken-section-ressort-article-link 5925526\" href=\"https:\/\/www.rheinpfalz.de\/pfalz_artikel,-absage-des-alphaville-konzerts-eine-politische-entscheidung-_arid,5925526.html\" data-upscore-url=\"1\" rel=\"nofollow noopener\" target=\"_blank\"><img decoding=\"async\" loading=\"lazy\" src=\"https:\/\/www.europesays.com\/at\/wp-content\/uploads\/2026\/09\/7091575_1_teaserinarticle_01KSMN3MT7F0MVB2GVDY2F5V9D_6731924.jpg.webp\" alt=\"Alphaville S\u00e4nger Marian Gold zeigt hier alle  f\u00fcnf Finger statt nur den Mittleren.\" title=\"Alphaville S\u00e4nger Marian Gold zeigt hier alle  f\u00fcnf Finger statt nur den Mittleren.\" width=\"300\" height=\"200\" class=\"nfy-mobile-first\"\/>Kommentar <img decoding=\"async\" src=\"https:\/\/www.rheinpfalz.de\/pu_rhp\/images\/rhp-plus.svg\" alt=\"RHEINPFALZ Plus Artikel\"\/><\/p>\n<p>Absage des Alphaville Konzerts \u2013 Eine politische Entscheidung<\/p>\n<p><\/a><\/p>\n<p>Festival-Veranstalter Markus Krampe (55) \u00e4u\u00dferte sich in der \u201eBild\u201c-Zeitung zur Alphaville-Ausladung, nannte das Verhalten der Band und Marian Gold \u201einakzeptabel\u201c: \u201eWir lassen uns nicht in irgendeine politische Ecke dr\u00e4ngen und werden uns hier mit allen Mitteln wehren. Das \u201eGl\u00fccksgef\u00fchle\u201c-Festival sei sei \u201ekomplett unpolitisch\u201c. Egal, um welche politische Richtung es gehe. Krampe zur \u201eBild\u201c: \u201eUnsere Haltung ist klar: Das \u201eGl\u00fccksgef\u00fchle\u201c-Festival ist und bleibt ein Ort, an welchem ausdr\u00fccklich jeder seine Sorgen des Alltags vergessen kann und soll. Da geh\u00f6rt es auch dazu, das Thema Politik, das die Menschen in Deutschland aktuell am meisten spaltet, au\u00dfen vorzulassen und gemeinsam eine sch\u00f6ne Zeit zu verbringen \u2013 jenseits jeglicher m\u00f6glicher Konflikte.\u201c<\/p>\n","protected":false},"excerpt":{"rendered":"Die Band Alphaville sollte am Freitag am Hockenheimring spielen. Doch das \u201eGl\u00fccksgef\u00fchle\u201c-Festival sagt den Auftritt ab \u2013 und&hellip;\n","protected":false},"author":2,"featured_media":372166,"comment_status":"","ping_status":"","sticky":false,"template":"","format":"standard","meta":{"footnotes":"","_share_on_mastodon":"0"},"categories":[24],"tags":[46,42,12410,147,12681,12461,13283,1013,1132,501,38362,13281,153,154,44,148],"class_list":["post-372165","post","type-post","status-publish","format-standard","has-post-thumbnail","category-musik","tag-at","tag-austria","tag-bild-zeitung","tag-entertainment","tag-facebook","tag-hockenheim","tag-hockenheimring","tag-japan","tag-kultur","tag-lokal","tag-marian-gold","tag-markus-krampe","tag-music","tag-musik","tag-oesterreich","tag-unterhaltung"],"share_on_mastodon":{"url":"https:\/\/pubeurope.com\/@at\/117205359090472743","error":""},"_links":{"self":[{"href":"https:\/\/www.europesays.com\/at\/wp-json\/wp\/v2\/posts\/372165","targetHints":{"allow":["GET"]}}],"collection":[{"href":"https:\/\/www.europesays.com\/at\/wp-json\/wp\/v2\/posts"}],"about":[{"href":"https:\/\/www.europesays.com\/at\/wp-json\/wp\/v2\/types\/post"}],"author":[{"embeddable":true,"href":"https:\/\/www.europesays.com\/at\/wp-json\/wp\/v2\/users\/2"}],"replies":[{"embeddable":true,"href":"https:\/\/www.europesays.com\/at\/wp-json\/wp\/v2\/comments?post=372165"}],"version-history":[{"count":0,"href":"https:\/\/www.europesays.com\/at\/wp-json\/wp\/v2\/posts\/372165\/revisions"}],"wp:featuredmedia":[{"embeddable":true,"href":"https:\/\/www.europesays.com\/at\/wp-json\/wp\/v2\/media\/372166"}],"wp:attachment":[{"href":"https:\/\/www.europesays.com\/at\/wp-json\/wp\/v2\/media?parent=372165"}],"wp:term":[{"taxonomy":"category","embeddable":true,"href":"https:\/\/www.europesays.com\/at\/wp-json\/wp\/v2\/categories?post=372165"},{"taxonomy":"post_tag","embeddable":true,"href":"https:\/\/www.europesays.com\/at\/wp-json\/wp\/v2\/tags?post=372165"}],"curies":[{"name":"wp","href":"https:\/\/api.w.org\/{rel}","templated":true}]}}