{"id":372175,"date":"2026-09-03T05:13:09","date_gmt":"2026-09-03T05:13:09","guid":{"rendered":"https:\/\/www.europesays.com\/at\/372175\/"},"modified":"2026-09-03T05:13:09","modified_gmt":"2026-09-03T05:13:09","slug":"uber-und-wayve-starten-mit-robotaxi-fahrten-in-london","status":"publish","type":"post","link":"https:\/\/www.europesays.com\/at\/372175\/","title":{"rendered":"Uber und Wayve starten mit Robotaxi-Fahrten in London"},"content":{"rendered":"<p>Die Fahrdienstleister Uber und Wayve haben heute erstmals kommerzielle Robotaxi-Fahrten in London angeboten. Die Einf\u00fchrung des fahrerlosen Taxidienstes f\u00fcr die \u00d6ffentlichkeit erfolge \u201eschrittweise\u201c, sagte die Uber-Produktchefin Wendy Lee.<\/p>\n<p>Die Anzahl der Fahrzeuge wird sich ihr zufolge \u201ezun\u00e4chst im zweistelligen Bereich\u201c bewegen. Hinter dem Steuer sitzt nach Angaben der Wayve-Gesch\u00e4ftsentwicklungschefin Kaity Fischer aus Sicherheitsgr\u00fcnden zudem weiter ein Mitarbeiter der Unternehmen.<\/p>\n<p>Laut Fischer plant Wayve nach seinem Robotaxi-Deb\u00fct in London gemeinsam mit Uber \u00e4hnliche Angebote in Tokio und zehn weiteren St\u00e4dten. Selbstfahrende Taxis werden bisher in einigen St\u00e4dten in den USA und China eingesetzt, allerdings bisher im kleinen Ma\u00dfstab.<\/p>\n<p>So bietet die Google-Tochter Waymo in San Francisco, Los Angeles und drei weiteren St\u00e4dten rund 2.000 Fahrzeuge an, die Nutzer und Nutzerinnen per App f\u00fcr Fahrten buchen k\u00f6nnen.<\/p>\n","protected":false},"excerpt":{"rendered":"Die Fahrdienstleister Uber und Wayve haben heute erstmals kommerzielle Robotaxi-Fahrten in London angeboten. Die Einf\u00fchrung des fahrerlosen Taxidienstes&hellip;\n","protected":false},"author":2,"featured_media":372176,"comment_status":"","ping_status":"","sticky":false,"template":"","format":"standard","meta":{"footnotes":"","_share_on_mastodon":"0"},"categories":[14],"tags":[46,42,95,90,89,91,94,44,93,92],"class_list":["post-372175","post","type-post","status-publish","format-standard","has-post-thumbnail","category-unternehmen-maerkte","tag-at","tag-austria","tag-business","tag-companies","tag-companies-markets","tag-markets","tag-maerkte","tag-oesterreich","tag-unternehmen","tag-unternehmen-maerkte"],"share_on_mastodon":{"url":"https:\/\/pubeurope.com\/@at\/117205401803492421","error":""},"_links":{"self":[{"href":"https:\/\/www.europesays.com\/at\/wp-json\/wp\/v2\/posts\/372175","targetHints":{"allow":["GET"]}}],"collection":[{"href":"https:\/\/www.europesays.com\/at\/wp-json\/wp\/v2\/posts"}],"about":[{"href":"https:\/\/www.europesays.com\/at\/wp-json\/wp\/v2\/types\/post"}],"author":[{"embeddable":true,"href":"https:\/\/www.europesays.com\/at\/wp-json\/wp\/v2\/users\/2"}],"replies":[{"embeddable":true,"href":"https:\/\/www.europesays.com\/at\/wp-json\/wp\/v2\/comments?post=372175"}],"version-history":[{"count":0,"href":"https:\/\/www.europesays.com\/at\/wp-json\/wp\/v2\/posts\/372175\/revisions"}],"wp:featuredmedia":[{"embeddable":true,"href":"https:\/\/www.europesays.com\/at\/wp-json\/wp\/v2\/media\/372176"}],"wp:attachment":[{"href":"https:\/\/www.europesays.com\/at\/wp-json\/wp\/v2\/media?parent=372175"}],"wp:term":[{"taxonomy":"category","embeddable":true,"href":"https:\/\/www.europesays.com\/at\/wp-json\/wp\/v2\/categories?post=372175"},{"taxonomy":"post_tag","embeddable":true,"href":"https:\/\/www.europesays.com\/at\/wp-json\/wp\/v2\/tags?post=372175"}],"curies":[{"name":"wp","href":"https:\/\/api.w.org\/{rel}","templated":true}]}}