{"id":372185,"date":"2026-09-03T05:19:12","date_gmt":"2026-09-03T05:19:12","guid":{"rendered":"https:\/\/www.europesays.com\/at\/372185\/"},"modified":"2026-09-03T05:19:12","modified_gmt":"2026-09-03T05:19:12","slug":"sk-rapid-wurde-in-salzburg-wirklich-eiskalt-bestraft-video","status":"publish","type":"post","link":"https:\/\/www.europesays.com\/at\/372185\/","title":{"rendered":"SK Rapid wurde in Salzburg &#8222;wirklich eiskalt bestraft&#8220; [Video]"},"content":{"rendered":"<p>\t\t\t\t\t\t\t\t\t\t\t\t\t\t\t <img decoding=\"async\" src=\"https:\/\/www.europesays.com\/at\/wp-content\/uploads\/2026\/09\/1788412750_113_red-bull-salzburg.png\" alt=\"\"\/> <\/p>\n<p>\t\t\t\t\t\t\t\t\t\t\t\t\t\t\t <img decoding=\"async\" src=\"https:\/\/www.europesays.com\/at\/wp-content\/uploads\/2026\/09\/1788412751_750_rapid-wien.png\" alt=\"\"\/> <\/p>\n<p>Als makelloser\u00a0<a href=\"https:\/\/www.ligaportal.at\/bundesliga\" rel=\"nofollow noopener\" target=\"_blank\">Bundesliga<\/a>-Zweiter war der\u00a0<a href=\"https:\/\/ticker.ligaportal.at\/mannschaft\/1724\/rapid-wien\" rel=\"nofollow noopener\" target=\"_blank\">SK Rapid<\/a>\u00a0im Nachtragsspiel der vierten Runde bei dessen Verfolger\u00a0<a href=\"https:\/\/ticker.ligaportal.at\/mannschaft\/1729\/red-bull-salzburg\" rel=\"nofollow noopener\" target=\"_blank\">FC Red Bull Salzburg<\/a>\u00a0an den Start gegangen und kassierte dann im Bullenstall eine empfindliche 1:5-Niederlage, die mit dem Abrutschen auf Rang drei einherging. F\u00fcr Gr\u00fcn-Wei\u00df war es die erste Pleite in dieser Saison nach regul\u00e4rer Spielzeit. Nachfolgend die Wortspenden der Wiener!<\/p>\n<p><img decoding=\"async\" src=\"https:\/\/www.europesays.com\/at\/wp-content\/uploads\/2026\/09\/thorup-johannes-hoff-sk-rapid-in-salzburg-02-09-2026-lbp-media-lukas-biereder.jpg\" alt=\"thorup johannes hoff sk rapid in salzburg 02 09 2026 lbp media lukas biereder\"\/><\/p>\n<p>Sah bedient zu: Rapid-Trainer Thorup.<\/p>\n<p>&#8222;&#8230;einfach nicht genug&#8220;<\/p>\n<p>Johannes Hoff Thorup, Trainer SK Rapid:<\/p>\n<p>\u2026\u00fcber seine Gedanken nach dem fr\u00fchen 0:3-R\u00fcckstand: \u201eDa war es nat\u00fcrlich schon ein anderes Fu\u00dfballspiel. Wir mussten dann ein bisschen aufpassen. Ich hatte die Hoffnung, dass wir dann das erste Tor nach der Pause schie\u00dfen, aber es ist genau andersrum gekommen. Dann war es nat\u00fcrlich schwierig. Aber in der ersten H\u00e4lfte war es einfach nicht genug, wie wir mit den Spielz\u00fcgen der Salzburger umgegangen sind.\u201c<\/p>\n<p>\u2026\u00fcber das Spiel: \u201eIch denke, unser Start in das Spiel war auch gar nicht so schlecht, aber sie haben uns heute wirklich eiskalt bestraft f\u00fcr die Fehler. Da waren auch Szenen dabei, die gar keine gro\u00dfen Chancen waren. Aber das war insgesamt einfach zu wenig von uns. Wir m\u00fcssen da viel achtsamer sein, auch in der R\u00fcckw\u00e4rtsbewegung. Die Defensivarbeit war nicht gut genug.\u201c<\/p>\n<p>\u2026\u00fcber die Stimmung nach der Niederlage: \u201eEs ist nat\u00fcrlich eine harte Niederlage. In Salzburg kann man immer verlieren gegen so ein starkes Team. Man muss wirklich auch Respekt haben vor der Leistung von Salzburg heute. Es wird eine beschissene Heimreise, aber wenn wir uns wiedersehen, werden die K\u00f6pfe nach oben gerichtet, ein Cup-Match steht vor der T\u00fcre, das ist unsere Mentalit\u00e4t.\u201c<\/p>\n<p>&#8222;&#8230;viel zu viel Platz gegeben&#8220;<\/p>\n<p>Nenad Cvetkovic, Abwehrspieler SK Rapid:<\/p>\n<p>\u2026\u00fcber die Stimmung nach dem Spiel: \u201eWir haben viel mehr erwartet von diesem Spiel. So kannst du ein Spiel nicht starten, wir haben ihnen viel zu viel Platz gegeben. Ich denke, wir hatten auch einige M\u00f6glichkeiten, ihnen mehr wehzutun, aber sie haben gef\u00fchlt bei jedem Angriff getroffen.\u201c<\/p>\n<p><img decoding=\"async\" src=\"https:\/\/www.europesays.com\/at\/wp-content\/uploads\/2026\/09\/horn-jannes-sk-rapid-in-salzburg-02-09-2026-lbp-media-lukas-biereder.jpg\" alt=\"horn jannes sk rapid in salzburg 02 09 2026 lbp media lukas biereder\"\/><\/p>\n<p>Horn (l.) und die H\u00fctteldorfer hatten hinten gegen Torj\u00e4ger Tabakovic alle H\u00e4nde voll zu tun.<\/p>\n<p>&#8222;&#8230;viel besser l\u00f6sen k\u00f6nnen&#8220;<\/p>\n<p>Matthias Seidl, Kapit\u00e4n SK Rapid:<\/p>\n<p>\u2026\u00fcber das Spiel: \u201eWir haben es einfach nicht gut verteidigt, so ehrlich muss man sein. Unser Pressing hat gr\u00f6\u00dftenteils nicht gut funktioniert, wir waren immer einen Schritt zu sp\u00e4t, zu wenig Intensit\u00e4t und wenn sich das \u00fcber die Dauer vom ganzen Spiel zieht, dann kommt man auch nicht mehr hinterher, dann ist man immer zu sp\u00e4t. <\/p>\n<p>Salzburg hat es sehr gut gemacht. Sie haben sich super positioniert, waren sehr ruhig am Ball, haben in der Mitte wenig, bis gar keine B\u00e4lle verloren. Dann sind wir in der Mitte offen und verteidigen es auch hinten nicht gut. Die Tore h\u00e4tten wir viel besser l\u00f6sen k\u00f6nnen. Und dann ist man 3:0 hinten nach ganz kurzer Zeit in Salzburg.\u201c<\/p>\n<p>\u2026\u00fcber sein Tor: \u201eIch habe mir vorgenommen, dass ich \u00f6fter aufs Tor schie\u00dfe, weil ich einen guten Schuss habe und den zu selten auch nutze. In dem Fall hat es super gepasst.\u201c<\/p>\n<p>Siehe auch:<\/p>\n<p>Statement-Quelle: Sky Sport Austria und Julian Biereder\/Ligaportal<br \/>Fotocredit: LBP Media \/ Lukas Biereder<\/p>\n","protected":false},"excerpt":{"rendered":"Als makelloser\u00a0Bundesliga-Zweiter war der\u00a0SK Rapid\u00a0im Nachtragsspiel der vierten Runde bei dessen Verfolger\u00a0FC Red Bull Salzburg\u00a0an den Start gegangen&hellip;\n","protected":false},"author":2,"featured_media":372186,"comment_status":"","ping_status":"","sticky":false,"template":"","format":"standard","meta":{"footnotes":"","_share_on_mastodon":"0"},"categories":[31],"tags":[93182,46,42,1061,965,44,192,969],"class_list":["post-372185","post","type-post","status-publish","format-standard","has-post-thumbnail","category-salzburg","tag-15-niederlage","tag-at","tag-austria","tag-fc-red-bull-salzburg","tag-johannes-hoff-thorup","tag-oesterreich","tag-salzburg","tag-sk-rapid"],"share_on_mastodon":{"url":"https:\/\/pubeurope.com\/@at\/117205426155885235","error":""},"_links":{"self":[{"href":"https:\/\/www.europesays.com\/at\/wp-json\/wp\/v2\/posts\/372185","targetHints":{"allow":["GET"]}}],"collection":[{"href":"https:\/\/www.europesays.com\/at\/wp-json\/wp\/v2\/posts"}],"about":[{"href":"https:\/\/www.europesays.com\/at\/wp-json\/wp\/v2\/types\/post"}],"author":[{"embeddable":true,"href":"https:\/\/www.europesays.com\/at\/wp-json\/wp\/v2\/users\/2"}],"replies":[{"embeddable":true,"href":"https:\/\/www.europesays.com\/at\/wp-json\/wp\/v2\/comments?post=372185"}],"version-history":[{"count":0,"href":"https:\/\/www.europesays.com\/at\/wp-json\/wp\/v2\/posts\/372185\/revisions"}],"wp:featuredmedia":[{"embeddable":true,"href":"https:\/\/www.europesays.com\/at\/wp-json\/wp\/v2\/media\/372186"}],"wp:attachment":[{"href":"https:\/\/www.europesays.com\/at\/wp-json\/wp\/v2\/media?parent=372185"}],"wp:term":[{"taxonomy":"category","embeddable":true,"href":"https:\/\/www.europesays.com\/at\/wp-json\/wp\/v2\/categories?post=372185"},{"taxonomy":"post_tag","embeddable":true,"href":"https:\/\/www.europesays.com\/at\/wp-json\/wp\/v2\/tags?post=372185"}],"curies":[{"name":"wp","href":"https:\/\/api.w.org\/{rel}","templated":true}]}}