{"id":372233,"date":"2026-09-03T06:03:12","date_gmt":"2026-09-03T06:03:12","guid":{"rendered":"https:\/\/www.europesays.com\/at\/372233\/"},"modified":"2026-09-03T06:03:12","modified_gmt":"2026-09-03T06:03:12","slug":"neue-waffe-fuer-unsere-offensive","status":"publish","type":"post","link":"https:\/\/www.europesays.com\/at\/372233\/","title":{"rendered":"Neue Waffe f\u00fcr unsere Offensive"},"content":{"rendered":"<p>Gesch\u00e4ftsf\u00fchrer Sport Michael Parensen: \u201eOumar Diakit\u00e9 ist ein Spieler, den wir schon lange am Schirm haben und mit dem wir bereits im vergangenen Sommer sehr gute Gespr\u00e4che gef\u00fchrt hatten. Aufgrund ver\u00e4nderter Konstellationen hat sich nun die Chance ergeben, diesen Transfer f\u00fcr den SK Sturm zu realisieren. Dementsprechend freuen wir uns sehr, dass es nun geklappt hat, obwohl er auch Angebote aus anderen europ\u00e4ischen Ligen vorliegen hatte. Oumar bringt eine hervorragende Mentalit\u00e4t und Einstellung mit, verf\u00fcgt \u00fcber eine sehr gute Physis und viel Tempo, arbeitet stark gegen den Ball und bewegt sich sehr gut zwischen den Linien. Au\u00dferdem bringt er mit seinen erst 22 Jahren bereits die Erfahrung aus \u00fcber 50 Spielen in einer Topliga wie Frankreich sowie 31 L\u00e4nderspielen und dem Gewinn des Afrika Cups mit nach Graz. Willkommen beim SK Sturm, Oumar!\u201c<\/p>\n<p>Oumar Diakit\u00e9: \u201eBereits vor einem Jahr hatte ich sehr gute Gespr\u00e4che mit Michael Parensen und stand kurz vor einem Wechsel nach Graz \u2013 umso mehr freue ich mich, dass es nun geklappt hat. Ich kenne Sturm aus meiner Zeit in \u00d6sterreich schon sehr gut \u2013 ein Topverein mit hohen Zielen und tollen Fans. Ich freue mich extrem, nun hier zu sein und so schnell wie m\u00f6glich am Platz alles zu geben!\u201c<\/p>\n","protected":false},"excerpt":{"rendered":"Gesch\u00e4ftsf\u00fchrer Sport Michael Parensen: \u201eOumar Diakit\u00e9 ist ein Spieler, den wir schon lange am Schirm haben und mit&hellip;\n","protected":false},"author":2,"featured_media":372234,"comment_status":"","ping_status":"","sticky":false,"template":"","format":"standard","meta":{"footnotes":"","_share_on_mastodon":"0"},"categories":[29],"tags":[2784,46,42,70134,64043,58419,183,7976,44,93104,53698],"class_list":["post-372233","post","type-post","status-publish","format-standard","has-post-thumbnail","category-graz","tag-angriff","tag-at","tag-austria","tag-diakite","tag-flexibilitaet","tag-gibt","tag-graz","tag-offensive","tag-oesterreich","tag-oumar","tag-verstaerkt"],"share_on_mastodon":{"url":"https:\/\/pubeurope.com\/@at\/117205598514068271","error":""},"_links":{"self":[{"href":"https:\/\/www.europesays.com\/at\/wp-json\/wp\/v2\/posts\/372233","targetHints":{"allow":["GET"]}}],"collection":[{"href":"https:\/\/www.europesays.com\/at\/wp-json\/wp\/v2\/posts"}],"about":[{"href":"https:\/\/www.europesays.com\/at\/wp-json\/wp\/v2\/types\/post"}],"author":[{"embeddable":true,"href":"https:\/\/www.europesays.com\/at\/wp-json\/wp\/v2\/users\/2"}],"replies":[{"embeddable":true,"href":"https:\/\/www.europesays.com\/at\/wp-json\/wp\/v2\/comments?post=372233"}],"version-history":[{"count":0,"href":"https:\/\/www.europesays.com\/at\/wp-json\/wp\/v2\/posts\/372233\/revisions"}],"wp:featuredmedia":[{"embeddable":true,"href":"https:\/\/www.europesays.com\/at\/wp-json\/wp\/v2\/media\/372234"}],"wp:attachment":[{"href":"https:\/\/www.europesays.com\/at\/wp-json\/wp\/v2\/media?parent=372233"}],"wp:term":[{"taxonomy":"category","embeddable":true,"href":"https:\/\/www.europesays.com\/at\/wp-json\/wp\/v2\/categories?post=372233"},{"taxonomy":"post_tag","embeddable":true,"href":"https:\/\/www.europesays.com\/at\/wp-json\/wp\/v2\/tags?post=372233"}],"curies":[{"name":"wp","href":"https:\/\/api.w.org\/{rel}","templated":true}]}}