{"id":372241,"date":"2026-09-03T06:15:09","date_gmt":"2026-09-03T06:15:09","guid":{"rendered":"https:\/\/www.europesays.com\/at\/372241\/"},"modified":"2026-09-03T06:15:09","modified_gmt":"2026-09-03T06:15:09","slug":"baukonzern-bodner-mit-1-mrd-euro-umsatz","status":"publish","type":"post","link":"https:\/\/www.europesays.com\/at\/372241\/","title":{"rendered":"Baukonzern Bodner mit 1 Mrd. Euro Umsatz"},"content":{"rendered":"<p>Wirtschaft<\/p>\n<p class=\"story-lead-text\">\n            Die Baugruppe Bodner hat nach eigenen Angaben im Gesch\u00e4ftsjahr 2025 einen historischen Erfolg erzielt. Zum ersten Mal erreichte der Konzern mit Sitz in Kufstein einen Umsatz von mehr als 1 Milliarde Euro. Auch die Ergebnisentwicklung falle positiv aus, teilte das Unternehmen mit.\n         <\/p>\n<p>\n         03.09.2026 05.51\n      <\/p>\n<p>\n         Online seit heute, 5.51 Uhr<\/p>\n<p>Der operative Gewinn vor Abschreibungen (EBITDA) konnte im Vergleich zum Vorjahr um 8,7 Prozent gesteigert werden. Besonders erfreulich f\u00fcr das Unternehmen ist der konsolidierte Gruppenumsatz Umsatz von 1,05 Milliarden Euro. Die eigent\u00fcmergef\u00fchrte Baugruppe habe damit ihre Leistungen gegen\u00fcber dem Vorjahr um 10,6 Prozent gesteigert.<\/p>\n<p>Zum ersten Mal in der mehr als 110-j\u00e4hrigen Unternehmensgeschichte sei es gelungen, die Umsatzmilliarde zu knacken. \u201eDer Sprung \u00fcber die Milliardenmarke ist f\u00fcr uns ein historischer Meilenstein\u201c, wurde Thomas Bodner, gesch\u00e4ftsf\u00fchrender Gesellschafter der Bodner Gruppe in einer Aussendung zitiert.<\/p>\n<p>Erfolg als Bau-Komplettanbieter<\/p>\n<p>Die breite Marktaufstellung, die starke regionale Verankerung bei gleichzeitig \u00fcberregionaler Pr\u00e4senz sowie der konsequente Fokus auf Digitalisierung und Personalentwicklung w\u00fcrden die Unternehmensgruppe auch in wirtschaftlich herausfordernden Zeiten erfolgreich und widerstandsf\u00e4hig machen.<\/p>\n<p>Die Verantwortlichen f\u00fchren den Erfolg auf eine umfassende Kompetenz entlang der gesamten Wertsch\u00f6pfungskette zur\u00fcck. Das Unternehmen setze s\u00e4mtliche Leistungen als Bau-Komplettanbieter praktisch \u201eaus einer Hand\u201c um. Insgesamt gebe es in dem Baukonzern mit vollen Auftragsb\u00fcchern, speziell im Bereich Infrastruktur- und Kraftwerksbau, auch f\u00fcr 2026 eine solide Auslastung.<\/p>\n<p>   <a href=\"https:\/\/tirol.orf.at\/stories\/3368484\/\" rel=\"nofollow noopener\" target=\"_blank\"><\/p>\n<p>         <img class=\"lazy-loading\"\/><\/p>\n<p>Mehr zum Thema<\/p>\n<p>         Wirtschaft will mehr Ausnahmen<\/p>\n<p>   <\/a><\/p>\n<p>Gro\u00dfprojekte im In- und Ausland<\/p>\n<p>Insbesondere Gro\u00dfprojekte im Energie- und Infrastrukturbereich w\u00fcrden als Wachstumstreiber fungieren. Ein Beispiel daf\u00fcr ist das Pumpspeicherkraftwerk im K\u00fchtai \u2013 mehr dazu in <a href=\"https:\/\/tirol.orf.at\/stories\/3369548\/\" rel=\"noopener noreferrer nofollow\" target=\"_blank\">Kraftwerk K\u00fchtai 2 wird mit Wasser gef\u00fcllt<\/a>.<\/p>\n<p>Die Bodner Gruppe ist auch au\u00dferhalb Tirols t\u00e4tig. Im Bereich Projektentwicklung wurde zuletzt etwa ein Projekt in Linz mit einem Investitionsvolumen von rund 200 Millionen Euro umgesetzt. Dabei handelt es sich um ein Areal, das Wohnen, Arbeiten, Hotel, Handel und Gastronomie verbindet. Auch Deutschland und die Schweiz z\u00e4hlen zu den M\u00e4rkten des Baukonzerns mit mehr als 40 Tochtergesellschaften. Insgesamt sind dort rund 3.750 Mitarbeiterinnen und Mitarbeiter besch\u00e4ftigt.<\/p>\n","protected":false},"excerpt":{"rendered":"Wirtschaft Die Baugruppe Bodner hat nach eigenen Angaben im Gesch\u00e4ftsjahr 2025 einen historischen Erfolg erzielt. Zum ersten Mal&hellip;\n","protected":false},"author":2,"featured_media":372242,"comment_status":"","ping_status":"","sticky":false,"template":"","format":"standard","meta":{"footnotes":"","_share_on_mastodon":"0"},"categories":[14],"tags":[46,42,95,90,89,91,94,44,93,92],"class_list":["post-372241","post","type-post","status-publish","format-standard","has-post-thumbnail","category-unternehmen-maerkte","tag-at","tag-austria","tag-business","tag-companies","tag-companies-markets","tag-markets","tag-maerkte","tag-oesterreich","tag-unternehmen","tag-unternehmen-maerkte"],"share_on_mastodon":{"url":"https:\/\/pubeurope.com\/@at\/117205645675448212","error":""},"_links":{"self":[{"href":"https:\/\/www.europesays.com\/at\/wp-json\/wp\/v2\/posts\/372241","targetHints":{"allow":["GET"]}}],"collection":[{"href":"https:\/\/www.europesays.com\/at\/wp-json\/wp\/v2\/posts"}],"about":[{"href":"https:\/\/www.europesays.com\/at\/wp-json\/wp\/v2\/types\/post"}],"author":[{"embeddable":true,"href":"https:\/\/www.europesays.com\/at\/wp-json\/wp\/v2\/users\/2"}],"replies":[{"embeddable":true,"href":"https:\/\/www.europesays.com\/at\/wp-json\/wp\/v2\/comments?post=372241"}],"version-history":[{"count":0,"href":"https:\/\/www.europesays.com\/at\/wp-json\/wp\/v2\/posts\/372241\/revisions"}],"wp:featuredmedia":[{"embeddable":true,"href":"https:\/\/www.europesays.com\/at\/wp-json\/wp\/v2\/media\/372242"}],"wp:attachment":[{"href":"https:\/\/www.europesays.com\/at\/wp-json\/wp\/v2\/media?parent=372241"}],"wp:term":[{"taxonomy":"category","embeddable":true,"href":"https:\/\/www.europesays.com\/at\/wp-json\/wp\/v2\/categories?post=372241"},{"taxonomy":"post_tag","embeddable":true,"href":"https:\/\/www.europesays.com\/at\/wp-json\/wp\/v2\/tags?post=372241"}],"curies":[{"name":"wp","href":"https:\/\/api.w.org\/{rel}","templated":true}]}}