{"id":372243,"date":"2026-09-03T06:16:11","date_gmt":"2026-09-03T06:16:11","guid":{"rendered":"https:\/\/www.europesays.com\/at\/372243\/"},"modified":"2026-09-03T06:16:11","modified_gmt":"2026-09-03T06:16:11","slug":"zweite-stadt-in-europa-uber-bringt-robotaxis-auf-die-strassen-von-london","status":"publish","type":"post","link":"https:\/\/www.europesays.com\/at\/372243\/","title":{"rendered":"Zweite Stadt in Europa &#8211; Uber bringt Robotaxis auf die Stra\u00dfen von London"},"content":{"rendered":"<p>London ist damit nach Zagreb die zweite europ\u00e4ische Metropole, in der Uber autonome Fahrzeuge einsetzt.\u00a0Zun\u00e4chst stehen weniger als 20 Fahrzeuge des Modells Ford Mustang Mach-E zur Verf\u00fcgung, in denen vorerst noch ein Fahrer zur \u00dcberwachung an Bord ist, teilten die Unternehmen mit. Kunden, die eine Fahrt \u00fcber UberX, Uber Comfort oder Uber Electric buchen, k\u00f6nnten ohne Aufpreis ein autonom fahrendes Fahrzeug zugeteilt bekommen.<\/p>\n","protected":false},"excerpt":{"rendered":"London ist damit nach Zagreb die zweite europ\u00e4ische Metropole, in der Uber autonome Fahrzeuge einsetzt.\u00a0Zun\u00e4chst stehen weniger als&hellip;\n","protected":false},"author":2,"featured_media":372244,"comment_status":"","ping_status":"","sticky":false,"template":"","format":"standard","meta":{"footnotes":"","_share_on_mastodon":"0"},"categories":[3],"tags":[93204,1403,76,75,74,943,58556,93205,18143],"class_list":["post-372243","post","type-post","status-publish","format-standard","has-post-thumbnail","category-europa","tag-alex-kendall-london","tag-britischen","tag-eu","tag-europa","tag-europe","tag-london","tag-uber","tag-wayve","tag-zagreb"],"share_on_mastodon":{"url":"https:\/\/pubeurope.com\/@at\/117205649769937934","error":""},"_links":{"self":[{"href":"https:\/\/www.europesays.com\/at\/wp-json\/wp\/v2\/posts\/372243","targetHints":{"allow":["GET"]}}],"collection":[{"href":"https:\/\/www.europesays.com\/at\/wp-json\/wp\/v2\/posts"}],"about":[{"href":"https:\/\/www.europesays.com\/at\/wp-json\/wp\/v2\/types\/post"}],"author":[{"embeddable":true,"href":"https:\/\/www.europesays.com\/at\/wp-json\/wp\/v2\/users\/2"}],"replies":[{"embeddable":true,"href":"https:\/\/www.europesays.com\/at\/wp-json\/wp\/v2\/comments?post=372243"}],"version-history":[{"count":0,"href":"https:\/\/www.europesays.com\/at\/wp-json\/wp\/v2\/posts\/372243\/revisions"}],"wp:featuredmedia":[{"embeddable":true,"href":"https:\/\/www.europesays.com\/at\/wp-json\/wp\/v2\/media\/372244"}],"wp:attachment":[{"href":"https:\/\/www.europesays.com\/at\/wp-json\/wp\/v2\/media?parent=372243"}],"wp:term":[{"taxonomy":"category","embeddable":true,"href":"https:\/\/www.europesays.com\/at\/wp-json\/wp\/v2\/categories?post=372243"},{"taxonomy":"post_tag","embeddable":true,"href":"https:\/\/www.europesays.com\/at\/wp-json\/wp\/v2\/tags?post=372243"}],"curies":[{"name":"wp","href":"https:\/\/api.w.org\/{rel}","templated":true}]}}