{"id":372261,"date":"2026-09-03T06:26:12","date_gmt":"2026-09-03T06:26:12","guid":{"rendered":"https:\/\/www.europesays.com\/at\/372261\/"},"modified":"2026-09-03T06:26:12","modified_gmt":"2026-09-03T06:26:12","slug":"cb-fotowettbewerb-die-community-fotografiert-im-september-tore-und-tueren","status":"publish","type":"post","link":"https:\/\/www.europesays.com\/at\/372261\/","title":{"rendered":"CB-Fotowettbewerb: Die Community fotografiert im September Tore und T\u00fcren"},"content":{"rendered":"<p>\t\t\t\t\t<img fetchpriority=\"high\" decoding=\"sync\" src=\"https:\/\/www.europesays.com\/at\/wp-content\/uploads\/2026\/09\/article-1280x720.e12be8fe.jpg\"   width=\"640\" height=\"360\" alt=\"CB-Fotowettbewerb: Die Community fotografiert im September Tore und T\u00fcren\" class=\"figure-img\"\/><\/p>\n<p>\t\t\t\t\tBild: Fujifilm<\/p>\n<p class=\"text-p text-width\">Der monatliche Fotowettbewerb der ComputerBase-Community geht in die n\u00e4chste Runde. Im September 2026 werden <a href=\"https:\/\/www.computerbase.de\/forum\/threads\/monatsthema-der-cb-fotowettbewerb-september-2026-portale-tueren-tore-schwellen-in-einen-anderen-raum.2277774\/\" rel=\"nofollow noopener\" target=\"_blank\">Aufnahmen zum Thema \u201ePortale: T\u00fcren, Tore, Schwellen in einen anderen Raum\u201c gesucht<\/a>. Bilder k\u00f6nnen wie \u00fcblich bis zum 20.\u00a0Tag des Monats eingereicht werden, dann beginnt die Abstimmung innerhalb der Community.<\/p>\n<p>\t\t\t\tAus der Sommerfrisch durchs Portal<\/p>\n<p class=\"text-p text-width\"><a href=\"https:\/\/www.computerbase.de\/news\/audio-video-foto\/cb-fotowettbewerb-im-august-auf-der-suche-nach-sommerfrische.98674\/\" title=\"CB-Fotowettbewerb: Im August auf der Suche nach Sommerfrische\" rel=\"nofollow noopener\" target=\"_blank\">Zum Thema Sommerfrische<\/a> konnte sich im August 2026 Community-Mitglied Shigu durchsetzen. Seine Aufnahme zeigt die Silhouette eines M\u00e4dchens im flachen Strandwasser, rot-orange beleuchtet durch die Abendsonne. Insgesamt 39,1\u00a0Prozent der Teilnehmer an der Abstimmung gaben dem Bild eine ihrer drei Stimmen.<\/p>\n<p>\t<a href=\"https:\/\/www.europesays.com\/at\/wp-content\/uploads\/2026\/09\/1-1080.492c3058.jpg\" target=\"_blank\" data-index=\"0\" class=\"js-image-link\">\t\t\t\t<img loading=\"lazy\" decoding=\"async\" src=\"https:\/\/www.europesays.com\/at\/wp-content\/uploads\/2026\/09\/1-1080.492c3058.jpg\"  width=\"320\" height=\"480\" alt=\"Sieger-Aufnahme des Fotowettbewerbs im August 2026\" class=\"figure-img\"\/>\t\t\t<\/a>\tSieger-Aufnahme des Fotowettbewerbs im August 2026 (Bild:\u00a0Community-Mitglied Shigu)<\/p>\n<p class=\"text-p text-width\">Das Foto ist im Mai in Thailand auf einer Insel entstanden. Eine lokale Familie hatte den Abend am Strand verbracht und das M\u00e4dchen mit ihrem Bruder in der Abendsonne Federball gespielt und sich nach Sonnenuntergang im Wasser abgek\u00fchlt. Es war sehr hei\u00df zu der Zeit und selbst das Meer war warm.<\/p>\n<p>Community-Mitglied Shigu<\/p>\n<p class=\"text-p text-width\">Die Redaktion gratuliert zum gelungenen Foto und zum ersten Platz. Wie \u00fcblich geb\u00fchrt Shigu damit einhergehend das Recht, das Thema f\u00fcr den nach\u00adfolgenden Monat zu setzen. Gesucht sind diesmal Bilder zum Thema \u201ePortale: T\u00fcren, Tore, Schwellen in einen anderen Raum\u201c.<\/p>\n<p class=\"text-p text-width\">Portale: T\u00fcren, Tore, Schwellen in einen anderen Raum. Eingangst\u00fcren galten vor Jahrhunderten als Portale in unbekannte Sph\u00e4ren, die zum Beispiel das gesch\u00fctzte Heim vor der bedrohlichen Dunkelheit der Nacht und damit Welten trennten.<\/p>\n<p>Community-Mitglied Shigu<\/p>\n<p class=\"text-p text-width\">Damit sind alle interessierten Community-Mitglieder aufgefordert, bis zum 20.\u00a0September 2026 um 23:59\u00a0Uhr eine Aufnahme (JPEG oder PNG) zum Thema <a href=\"https:\/\/www.computerbase.de\/news\/audio-video-foto\/cb-fotowettbewerb-im-september-auf-der-suche-nach-portalen-und-schwellen.99206\/mailto:cb-fotowettbewerb~~gmx.net\" rel=\"nofollow noopener\" target=\"_blank\">per E-Mail<\/a> mitsamt dem eigenen Benutzernamen im ComputerBase-Forum an Initiator <a href=\"https:\/\/www.computerbase.de\/forum\/members\/lowrider20.537112\/\" rel=\"nofollow noopener\" target=\"_blank\">lowrider20<\/a> einzusenden.<\/p>\n<p>Teilnahmebedingungen und Abstimmung<\/p>\n<p class=\"text-p text-width\">Je registriertem Community-Mitglied ist die Teilnahme mit einem eigens aufgenommenen, beliebig alten Bild erlaubt, das in noch keinem vorherigen Fotowettbewerb eingereicht oder anderweitig im ComputerBase-Forum ver\u00f6ffentlicht wurde. Aufnahmen mit dem gleichen Motiv eines bereits ver\u00f6ffentlichten Bildes aus leicht abge\u00e4nderter Perspektive sind unerw\u00fcnscht. Nicht gestattet sind \u00fcberdies Zeichnungen, gemalte oder per KI generierte Bilder sowie Renderings. Einmal eingereichte Bilder k\u00f6nnen nicht mehr ausgetauscht werden.<\/p>\n<p class=\"text-p text-width\">Nach Einsendeschluss startet eine neunt\u00e4gige Abstimmung zu allen, maximal aber den ersten 40\u00a0eingereichten Bildern, an der alle Leser mit Forum-Nutzerkonto teilnehmen d\u00fcrfen. Um die Anonymit\u00e4t der Fotografen zu wahren, werden die Fotos auf maximal 3.840\u00a0Pixel in H\u00f6he und Breite verkleinert und die EXIF-Daten entfernt. Der zum Ende des Monats feststehende Gewinner darf erneut \u00fcber das Monatsthema der n\u00e4chsten Runde entscheiden. Die Redaktion w\u00fcnscht allen Teilnehmern viel Erfolg!<\/p>\n","protected":false},"excerpt":{"rendered":"Bild: Fujifilm Der monatliche Fotowettbewerb der ComputerBase-Community geht in die n\u00e4chste Runde. Im September 2026 werden Aufnahmen zum&hellip;\n","protected":false},"author":2,"featured_media":372262,"comment_status":"","ping_status":"","sticky":false,"template":"","format":"standard","meta":{"footnotes":"","_share_on_mastodon":"0"},"categories":[26],"tags":[158,157,46,42,159,147,161,160,44,148],"class_list":["post-372261","post","type-post","status-publish","format-standard","has-post-thumbnail","category-kunst-und-design","tag-art","tag-art-and-design","tag-at","tag-austria","tag-design","tag-entertainment","tag-kunst","tag-kunst-und-design","tag-oesterreich","tag-unterhaltung"],"share_on_mastodon":{"url":"https:\/\/pubeurope.com\/@at\/117205689702373958","error":""},"_links":{"self":[{"href":"https:\/\/www.europesays.com\/at\/wp-json\/wp\/v2\/posts\/372261","targetHints":{"allow":["GET"]}}],"collection":[{"href":"https:\/\/www.europesays.com\/at\/wp-json\/wp\/v2\/posts"}],"about":[{"href":"https:\/\/www.europesays.com\/at\/wp-json\/wp\/v2\/types\/post"}],"author":[{"embeddable":true,"href":"https:\/\/www.europesays.com\/at\/wp-json\/wp\/v2\/users\/2"}],"replies":[{"embeddable":true,"href":"https:\/\/www.europesays.com\/at\/wp-json\/wp\/v2\/comments?post=372261"}],"version-history":[{"count":0,"href":"https:\/\/www.europesays.com\/at\/wp-json\/wp\/v2\/posts\/372261\/revisions"}],"wp:featuredmedia":[{"embeddable":true,"href":"https:\/\/www.europesays.com\/at\/wp-json\/wp\/v2\/media\/372262"}],"wp:attachment":[{"href":"https:\/\/www.europesays.com\/at\/wp-json\/wp\/v2\/media?parent=372261"}],"wp:term":[{"taxonomy":"category","embeddable":true,"href":"https:\/\/www.europesays.com\/at\/wp-json\/wp\/v2\/categories?post=372261"},{"taxonomy":"post_tag","embeddable":true,"href":"https:\/\/www.europesays.com\/at\/wp-json\/wp\/v2\/tags?post=372261"}],"curies":[{"name":"wp","href":"https:\/\/api.w.org\/{rel}","templated":true}]}}