{"id":372295,"date":"2026-09-03T06:53:14","date_gmt":"2026-09-03T06:53:14","guid":{"rendered":"https:\/\/www.europesays.com\/at\/372295\/"},"modified":"2026-09-03T06:53:14","modified_gmt":"2026-09-03T06:53:14","slug":"bezirksflash-umleitungen-auf-landstrasser-hauptstrasse-news","status":"publish","type":"post","link":"https:\/\/www.europesays.com\/at\/372295\/","title":{"rendered":"Bezirksflash: Umleitungen auf Landstra\u00dfer Hauptstra\u00dfe &#8211; News"},"content":{"rendered":"<p>&#13;<\/p>\n<p>Au\u00dferdem: Tradionslokal am Alsergrund mit finanziellen Schwierigkeiten und neue B\u00e4ume f\u00fcr W\u00e4hring.<\/p>\n<p>&#13;<\/p>\n<p>\t\t\t\t\t\t\t\t<img loading=\"lazy\" decoding=\"async\" alt=\"W24 Redaktion\" height=\"200\" src=\"https:\/\/www.europesays.com\/at\/wp-content\/uploads\/2026\/09\/1788418394_654_W24Redaktion.jpg\" width=\"200\"\/><\/p>\n<p>Mittwoch, 02. September 2026<\/p>\n<p>\t\t\t\t\t\tVerfasst vor 18 Stunden<\/p>\n<p>\t\t\t\t\t\t\tvon W24 Redaktion<\/p>\n<p>\t\t\t\t&#13;<br \/>\n\t\t\t\t&#13;<br \/>\n\t\t\t\t\t&#13;<br \/>\n\t\t\t\t&#13;<br \/>\n\t\t\t\t&#13;<\/p>\n<p>Alsergrund: \u201eDas Kolin\u201c erneut insolvent<br \/>Das Alsergrunder Lokal \u201eDas Kolin\u201c steckt erneut in finanziellen Schwierigkeiten. \u00dcber die Restaurant GmbH wird ein Konkursverfahren er\u00f6ffnet. Grund sind offene Forderungen und Beitragsr\u00fcckst\u00e4nde. Schon Ende 2024 gab es eine Insolvenz.\u00a0<br \/>Wie es mit dem Lokal weitergeht, ist noch offen. Ob es ge\u00f6ffnet bleiben darf, pr\u00fcft nun die Insolvenzverwaltung.<br \/>\u00a0<br \/>W\u00e4hring: Neue B\u00e4ume mit Restbudget<br \/>Die Schulgasse wird gr\u00fcner. Aus dem Projektbudget des Wiener Klimateams bleibt Geld \u00fcbrig, das jetzt f\u00fcr zus\u00e4tzliche Begr\u00fcnung genutzt wird. Insgesamt kommen 15 neue B\u00e4ume zwischen der Teschnergasse und der Vinzenzgasse dazu. Die Bepflanzungen sollen Mitte September starten und den gr\u00fcnen Korridor in W\u00e4hring erweitern.\u00a0<br \/>\u00a0<br \/>Landstra\u00dfe: Umleitungen durch Einbahnregelungen\u00a0<br \/>Die Umgestaltung der Landstra\u00dfer Hauptstra\u00dfe geht in die dritte Bauphase: Zwischen der Rabengasse und der Schlachthausgasse gilt jetzt stadtausw\u00e4rts eine Einbahn. Wer stadteinw\u00e4rts f\u00e4hrt, wird \u00fcber den Rennweg und die Oberzellergasse umgeleitet. Auch der 74A wird Richtung Stubentor umgeleitet und l\u00e4sst stadteinw\u00e4rts die Haltestellen St. Marx, Viehmarktgasse und Rabengasse aus.\u00a0<\/p>\n<p>&#13;<br \/>\n\t\t\t\t&#13;<br \/>\n\t\t\t\t&#13;<br \/>\n\t\t\t\t&#13;<br \/>\n\t\t\t\t&#13;<br \/>\n\t\t\t\t&#13;<br \/>\n\t\t\t\t&#13;<\/p>\n","protected":false},"excerpt":{"rendered":"&#13; Au\u00dferdem: Tradionslokal am Alsergrund mit finanziellen Schwierigkeiten und neue B\u00e4ume f\u00fcr W\u00e4hring. &#13; Mittwoch, 02. September 2026&hellip;\n","protected":false},"author":2,"featured_media":372296,"comment_status":"","ping_status":"","sticky":false,"template":"","format":"standard","meta":{"footnotes":"","_share_on_mastodon":"0"},"categories":[14],"tags":[46,42,95,90,89,91,94,44,93,92],"class_list":["post-372295","post","type-post","status-publish","format-standard","has-post-thumbnail","category-unternehmen-maerkte","tag-at","tag-austria","tag-business","tag-companies","tag-companies-markets","tag-markets","tag-maerkte","tag-oesterreich","tag-unternehmen","tag-unternehmen-maerkte"],"share_on_mastodon":{"url":"https:\/\/pubeurope.com\/@at\/117205795756002807","error":""},"_links":{"self":[{"href":"https:\/\/www.europesays.com\/at\/wp-json\/wp\/v2\/posts\/372295","targetHints":{"allow":["GET"]}}],"collection":[{"href":"https:\/\/www.europesays.com\/at\/wp-json\/wp\/v2\/posts"}],"about":[{"href":"https:\/\/www.europesays.com\/at\/wp-json\/wp\/v2\/types\/post"}],"author":[{"embeddable":true,"href":"https:\/\/www.europesays.com\/at\/wp-json\/wp\/v2\/users\/2"}],"replies":[{"embeddable":true,"href":"https:\/\/www.europesays.com\/at\/wp-json\/wp\/v2\/comments?post=372295"}],"version-history":[{"count":0,"href":"https:\/\/www.europesays.com\/at\/wp-json\/wp\/v2\/posts\/372295\/revisions"}],"wp:featuredmedia":[{"embeddable":true,"href":"https:\/\/www.europesays.com\/at\/wp-json\/wp\/v2\/media\/372296"}],"wp:attachment":[{"href":"https:\/\/www.europesays.com\/at\/wp-json\/wp\/v2\/media?parent=372295"}],"wp:term":[{"taxonomy":"category","embeddable":true,"href":"https:\/\/www.europesays.com\/at\/wp-json\/wp\/v2\/categories?post=372295"},{"taxonomy":"post_tag","embeddable":true,"href":"https:\/\/www.europesays.com\/at\/wp-json\/wp\/v2\/tags?post=372295"}],"curies":[{"name":"wp","href":"https:\/\/api.w.org\/{rel}","templated":true}]}}