{"id":372309,"date":"2026-09-03T07:00:24","date_gmt":"2026-09-03T07:00:24","guid":{"rendered":"https:\/\/www.europesays.com\/at\/372309\/"},"modified":"2026-09-03T07:00:24","modified_gmt":"2026-09-03T07:00:24","slug":"niederschwellig-fuer-bewegung-im-linzer-alltag","status":"publish","type":"post","link":"https:\/\/www.europesays.com\/at\/372309\/","title":{"rendered":"Niederschwellig f\u00fcr Bewegung im Linzer Alltag"},"content":{"rendered":"<p>LINZ. Die Stadt Linz will mit kostenfreien Angeboten im \u00f6ffentlichen Raum zu Sport und Bewegung im Alltag animieren.<\/p>\n<p data-hyphen-offsets=\"39,41,64,68,70,94,96,125,158,186,188,193,195,224,243,246,276,299,301,337,341,343\">Die Stadt Linz bietet im gesamten Stadtgebiet zahlreiche frei zug\u00e4ngliche M\u00f6glichkeiten, um Bewegung unkompliziert in den Alltag einzubauen. Ein aktuelles Beispiel sind die erneuerten Bewegungslinien am Allendeplatz im Stadtteil Auwiesen-Kleinm\u00fcnchen. Einfache \u00dcbungen zum H\u00fcpfen, Balancieren und Bewegen sprechen Kinder ebenso an wie Erwachsene und \u00e4ltere Menschen.<\/p>\n<p data-hyphen-offsets=\"32,35,41,43,49,51,56,58,60,62,85,87,92,113,117,149,151,156,158,160,186,218,224,250,312,314,316,345,413,443,447,538\">Zu den j\u00fcngsten und gr\u00f6\u00dferen niederschwelligen Bewegungsangeboten z\u00e4hlen zudem der Bewegungspark beim Kleinen Weikerlsee, die inklusive Sport- und Bewegungsanlage am Afritschweg in Ebelsberg sowie der Sternpark im Franckviertel. \u201eBewegung soll im Alltag Platz haben und f\u00fcr alle leicht zug\u00e4nglich sein\u201c, so Sportreferentin Vizeb\u00fcrgermeisterin Karin Leitner (SP\u00d6). Es gehe nicht um sportliche H\u00f6chstleistungen, sondern um Freude an Bewegung, Gesundheit und Zeit im Freien, l\u00e4dt sie ein, das Angebot zu nutzen. <\/p>\n<p data-hyphen-offsets=\"32,35,41,43,49,51,56,58,60,62,85,87,92,113,117,149,151,156,158,160,186,218,224,250,312,314,316,345,413,443,447,538\">Einen \u00dcberblick bietet der Online-Sport-Atlas der Stadt: <a data-mce-href=\"https:\/\/fit.linz.at\/sportatlas\/\" data-mce-selected=\"inline-boundary\" rel=\"nofollow noopener\" target=\"_blank\" href=\"https:\/\/fit.linz.at\/sportatlas\/\" title=\"Stadt Linz\">fit.linz.at\/sportatlas<\/a><\/p>\n","protected":false},"excerpt":{"rendered":"LINZ. Die Stadt Linz will mit kostenfreien Angeboten im \u00f6ffentlichen Raum zu Sport und Bewegung im Alltag animieren.&hellip;\n","protected":false},"author":2,"featured_media":372310,"comment_status":"","ping_status":"","sticky":false,"template":"","format":"standard","meta":{"footnotes":"","_share_on_mastodon":"0"},"categories":[30],"tags":[5220,46,42,1656,11128,184,44,13809],"class_list":["post-372309","post","type-post","status-publish","format-standard","has-post-thumbnail","category-linz","tag-alltag","tag-at","tag-austria","tag-bewegung","tag-leitner","tag-linz","tag-oesterreich","tag-stadt"],"share_on_mastodon":{"url":"https:\/\/pubeurope.com\/@at\/117205822636710650","error":""},"_links":{"self":[{"href":"https:\/\/www.europesays.com\/at\/wp-json\/wp\/v2\/posts\/372309","targetHints":{"allow":["GET"]}}],"collection":[{"href":"https:\/\/www.europesays.com\/at\/wp-json\/wp\/v2\/posts"}],"about":[{"href":"https:\/\/www.europesays.com\/at\/wp-json\/wp\/v2\/types\/post"}],"author":[{"embeddable":true,"href":"https:\/\/www.europesays.com\/at\/wp-json\/wp\/v2\/users\/2"}],"replies":[{"embeddable":true,"href":"https:\/\/www.europesays.com\/at\/wp-json\/wp\/v2\/comments?post=372309"}],"version-history":[{"count":0,"href":"https:\/\/www.europesays.com\/at\/wp-json\/wp\/v2\/posts\/372309\/revisions"}],"wp:featuredmedia":[{"embeddable":true,"href":"https:\/\/www.europesays.com\/at\/wp-json\/wp\/v2\/media\/372310"}],"wp:attachment":[{"href":"https:\/\/www.europesays.com\/at\/wp-json\/wp\/v2\/media?parent=372309"}],"wp:term":[{"taxonomy":"category","embeddable":true,"href":"https:\/\/www.europesays.com\/at\/wp-json\/wp\/v2\/categories?post=372309"},{"taxonomy":"post_tag","embeddable":true,"href":"https:\/\/www.europesays.com\/at\/wp-json\/wp\/v2\/tags?post=372309"}],"curies":[{"name":"wp","href":"https:\/\/api.w.org\/{rel}","templated":true}]}}