{"id":372327,"date":"2026-09-03T07:14:13","date_gmt":"2026-09-03T07:14:13","guid":{"rendered":"https:\/\/www.europesays.com\/at\/372327\/"},"modified":"2026-09-03T07:14:13","modified_gmt":"2026-09-03T07:14:13","slug":"nach-deutschen-strafmassnahmen-goethe-institut-in-russland-wird-geschlossen","status":"publish","type":"post","link":"https:\/\/www.europesays.com\/at\/372327\/","title":{"rendered":"Nach deutschen Strafma\u00dfnahmen: Goethe-Institut in Russland wird geschlossen"},"content":{"rendered":"<p>            <img loading=\"lazy\" decoding=\"async\" class=\"ts-image\" src=\"https:\/\/www.europesays.com\/at\/wp-content\/uploads\/2026\/09\/goethe-institut-moskau-102.jpg\" alt=\"Goethe-Institut in Moskau, Russland\" title=\"Goethe-Institut in Moskau, Russland | REUTERS\"\/><\/p>\n<p class=\"metatextline\">Stand: 03.09.2026 \u2022 07:49 Uhr<\/p>\n<p class=\"article-head__shorttext\">\n        Als Reaktion auf den Anschlagsversuch am Flughafen Leipzig\/Halle will die Bundesregierung den Vertrag mit dem Russischen Haus k\u00fcndigen. Moskau zieht nun nach und schlie\u00dft Niederlassungen des Goethe-Instituts im Land.\n    <\/p>\n<p class=\"textabsatz m-ten m-offset-one l-eight l-offset-two columns twelve\">Die Regierung in Moskau wird nach Angaben von Au\u00dfenminister Sergej Lawrow die Goethe-Institute in Russland schlie\u00dfen. Dabei handele es sich um eine Reaktion auf die angek\u00fcndigte Schlie\u00dfung des Russischen Hauses in Berlin, sagte der Minister der Nachrichtenagentur Interfax zufolge beim \u00d6stlichen Wirtschaftsforum in Wladiwostok. &#8222;Nat\u00fcrlich werden sie geschlossen, nachdem unser Kulturzentrum von dort (Berlin) vertrieben wurde&#8220;, so Lawrow.<\/p>\n<p class=\"textabsatz m-ten m-offset-one l-eight l-offset-two columns twelve\">Die Bundesregierung hatte die Schlie\u00dfung des Russland-Hauses als Reaktion nach dem Fund einer Sprengstoff-Drohne auf dem Flughafen Leipzig\/Halle angek\u00fcndigt. <a href=\"https:\/\/www.tagesschau.de\/inland\/innenpolitik\/drohnen-flughafen-bundesregierung-100.html\" title=\"Anschlagsversuch mit Drohnen: &quot;Bekanntes Muster russischer Operationen&quot;\" rel=\"nofollow noopener\" target=\"_blank\">Berlin macht Moskau f\u00fcr den versuchten Angriff verantwortlich. <\/a>Nach Erkenntnissen deutscher Ermittler richtete sich der Anschlagsversuch gegen eine ukrainische Frachtmaschine.<\/p>\n<p>    Kaum noch deutsche Einrichtungen t\u00e4tig<\/p>\n<p class=\"textabsatz m-ten m-offset-one l-eight l-offset-two columns twelve\">Deutschland nehme bewusst in Kauf, dass der Schritt gegen das Russische Haus &#8222;eindeutig das Ende seiner kulturellen Pr\u00e4senz in der Russischen F\u00f6deration bedeutet&#8220;, erkl\u00e4rte Lawrow weiter. Trotz aller Spannungen mit dem Westen wegen des russischen Angriffskriegs gegen die Ukraine habe das Institut bislang weiter arbeiten k\u00f6nnen.<\/p>\n<p class=\"textabsatz m-ten m-offset-one l-eight l-offset-two columns twelve\">Das Goethe-Institut geh\u00f6rt zu den letzten in Russland noch t\u00e4tigen deutschen Einrichtungen. Neben der Hauptstelle in Moskau gibt es auch noch Kultureinrichtungen in St. Petersburg und Nowosibirsk. Russland hatte in der Vergangenheit bereits massenhaft Stiftungen und Organisationen f\u00fcr unerw\u00fcnscht erkl\u00e4rt und dadurch mit T\u00e4tigkeitsverboten belegt.<\/p>\n<p>    Russland bestreitet Verbindung zum Drohnen-Vorfall<\/p>\n<p class=\"textabsatz m-ten m-offset-one l-eight l-offset-two columns twelve\">Am Vortag hatte das russische Au\u00dfenministerium bereits den Gesch\u00e4ftstr\u00e4ger der Deutschen Botschaft in Moskau einbestellt. Dieser Schritt war ein erster Protest gegen Berlins Sanktionen gewesen. Die Einbestellung sei wegen der antirussischen Handlungen und der \u00c4u\u00dferungen der deutschen F\u00fchrung erfolgt, teilte das russische Ministerium mit.<\/p>\n<p class=\"textabsatz m-ten m-offset-one l-eight l-offset-two columns twelve\">Moskau bestreitet eine Verbindung zum Drohnen-Vorfall. Es handele sich um &#8222;v\u00f6llig aus der Luft gegriffene Vorw\u00fcrfe&#8220;, hie\u00df es in einer Mitteilung nach dem Gespr\u00e4ch. Berlin greife zu &#8222;offener Provokation&#8220;, um die russisch-deutschen Beziehungen zu untergraben.<\/p>\n<p class=\"textabsatz m-ten m-offset-one l-eight l-offset-two columns twelve\">Bundesinnenminister Alexander Dobrindt (CSU) und Au\u00dfenminister Johann Wadephul (CDU) hatten in dieser Woche Russland <a href=\"https:\/\/www.tagesschau.de\/eilmeldung\/bundesregierung-drohne-flughafen-leipzig-halle-russland-100.html\" title=\"Bundesregierung: Russland f\u00fcr Drohnen-Anschlagsversuch in Leipzig verantwortlich\" rel=\"nofollow noopener\" target=\"_blank\">f\u00fcr den Drohnenvorfall von Anfang August verantwortlich gemacht<\/a> und Strafma\u00dfnahmen angek\u00fcndigt. Wadephul sagte, dass etwa das russische Konsulat in Bonn geschlossen werden soll.<\/p>\n","protected":false},"excerpt":{"rendered":"Stand: 03.09.2026 \u2022 07:49 Uhr Als Reaktion auf den Anschlagsversuch am Flughafen Leipzig\/Halle will die Bundesregierung den Vertrag&hellip;\n","protected":false},"author":2,"featured_media":372328,"comment_status":"","ping_status":"","sticky":false,"template":"","format":"standard","meta":{"footnotes":"","_share_on_mastodon":"0"},"categories":[12],"tags":[93180,40,41,93223,1963,39,66,65,64],"class_list":["post-372327","post","type-post","status-publish","format-standard","has-post-thumbnail","category-welt","tag-goethe-institut","tag-nachrichten","tag-news","tag-russisches-haus","tag-russland","tag-schlagzeilen","tag-welt","tag-world","tag-world-news"],"share_on_mastodon":{"url":"https:\/\/pubeurope.com\/@at\/117205878267543910","error":""},"_links":{"self":[{"href":"https:\/\/www.europesays.com\/at\/wp-json\/wp\/v2\/posts\/372327","targetHints":{"allow":["GET"]}}],"collection":[{"href":"https:\/\/www.europesays.com\/at\/wp-json\/wp\/v2\/posts"}],"about":[{"href":"https:\/\/www.europesays.com\/at\/wp-json\/wp\/v2\/types\/post"}],"author":[{"embeddable":true,"href":"https:\/\/www.europesays.com\/at\/wp-json\/wp\/v2\/users\/2"}],"replies":[{"embeddable":true,"href":"https:\/\/www.europesays.com\/at\/wp-json\/wp\/v2\/comments?post=372327"}],"version-history":[{"count":0,"href":"https:\/\/www.europesays.com\/at\/wp-json\/wp\/v2\/posts\/372327\/revisions"}],"wp:featuredmedia":[{"embeddable":true,"href":"https:\/\/www.europesays.com\/at\/wp-json\/wp\/v2\/media\/372328"}],"wp:attachment":[{"href":"https:\/\/www.europesays.com\/at\/wp-json\/wp\/v2\/media?parent=372327"}],"wp:term":[{"taxonomy":"category","embeddable":true,"href":"https:\/\/www.europesays.com\/at\/wp-json\/wp\/v2\/categories?post=372327"},{"taxonomy":"post_tag","embeddable":true,"href":"https:\/\/www.europesays.com\/at\/wp-json\/wp\/v2\/tags?post=372327"}],"curies":[{"name":"wp","href":"https:\/\/api.w.org\/{rel}","templated":true}]}}