{"id":372351,"date":"2026-09-03T07:31:11","date_gmt":"2026-09-03T07:31:11","guid":{"rendered":"https:\/\/www.europesays.com\/at\/372351\/"},"modified":"2026-09-03T07:31:11","modified_gmt":"2026-09-03T07:31:11","slug":"vw-vor-krisensitzung-ig-metall-stellt-sich-gegen-werksschliessungen-wallstreetonline","status":"publish","type":"post","link":"https:\/\/www.europesays.com\/at\/372351\/","title":{"rendered":"VW vor Krisensitzung: IG Metall stellt sich gegen Werksschlie\u00dfungen | wallstreetONLINE"},"content":{"rendered":"<p>\n  **VW vor heikler Aufsichtsratssitzung: Gewerkschaft lehnt Werksschlie\u00dfungen ab**\n<\/p>\n<p>\n  Im Streit \u00fcber den Sparkurs bei Volkswagen versch\u00e4rft sich der Konflikt zwischen Konzernf\u00fchrung und Arbeitnehmervertretern. Vor einer erwarteten Aufsichtsratssitzung hat IG-Metall-Chefin Christiane<br \/>\n  Benner Vorstandschef Oliver Blume schwere Fehler im Umgang mit der Belegschaft vorgeworfen. Die Ank\u00fcndigung m\u00f6glicher Werksschlie\u00dfungen versto\u00dfe gegen bestehende Betriebsvereinbarungen und<br \/>\n  missachte die historische Verantwortung des Konzerns, sagte Benner der \u201eAugsburger Allgemeinen\u201c.\n<\/p>\n<p>\n  \u201eMit der IG Metall werden die Werke in Emden, Zwickau, Hannover und Neckarsulm nicht geschlossen\u201c, k\u00fcndigte die Gewerkschafterin an. Benner ist Mitglied des Aufsichtsrats und stellvertretende<br \/>\n  Vorsitzende des Kontrollgremiums. Sie verwies auf eine Ende 2024 geschlossene Vereinbarung, die unter anderem einen sozialvertr\u00e4glichen Abbau von rund 50.000 Stellen bis 2030,<br \/>\n  Besch\u00e4ftigungssicherung sowie Investitionen in Standorte und Produkte vorsieht. Die Besch\u00e4ftigten h\u00e4tten daf\u00fcr auch finanzielle Zugest\u00e4ndnisse gemacht.\n<\/p>\n<p>                    Anzeige\u00a0<\/p>\n<p>Im Durchschnitt erleiden 7 von 10 Kleinanlegern Verluste beim Handel mit Turbo-Zertifikaten. Turbo-Zertifikate sind hoch risikoreiche Produkte und nicht f\u00fcr langfristige Anlagestrategien geeignet.<\/p>\n<p>                                        <a style=\"text-decoration:none;\" href=\"https:\/\/www.wallstreet-online.de\/nachrichten\/autor\/newsflash\" rel=\"nofollow noopener\" target=\"_blank\"><br \/>\n                                <img style=\"padding: 0 10px 10px 0;\" class=\"img-fluid d-block loadOnSight\" rel=\"\/\/assets.wallstreet-online.de\/_media\/18674\/size_59\/icon-classic-wallstreetonline.png\" alt=\"Autor\"\/><\/p>\n<p>                            <\/a><\/p>\n<p>                                <img style=\"padding: 0 10px 10px 0;\" class=\"img-fluid d-block loadOnSight\" rel=\"\/\/assets.wallstreet-online.de\/_media\/18674\/size_59\/icon-classic-wallstreetonline.png\" alt=\"Autor\"\/><\/p>\n<p>\n                            Mehr anzeigen\n                        <\/p>\n<p>\n                            Mit Artikeln von wO Newsflash wollen wir mit Hilfe von K\u00fcnstlicher Intelligenz Ihnen schnellstm\u00f6glich relevante Inhalte zu aktuellen Ereignissen rund um B\u00f6rse, Finanzm\u00e4rkte aus aller Welt und Community bereitstellen.                        <\/p>\n<p>\n                            Mehr anzeigen\n                        <\/p>\n<p>                        <a href=\"https:\/\/www.wallstreet-online.de\/rss\/nachrichten\/newsflash\" title=\"RSS-Feed des Autors wO Newsflash\" target=\"_blank\" rel=\"nofollow noopener\"><img decoding=\"async\" src=\"https:\/\/assets.wallstreet-online.de\/frontend\/img\/icons\/icons\/rss.svg\" alt=\"RSS Icon\" class=\"imgSvg me-1\" style=\"width:16px;height:16px\"\/><\/a><a style=\"vertical-align:top;\" href=\"https:\/\/www.wallstreet-online.de\/rss\/nachrichten\/newsflash\" title=\"RSS-Feed des Autors wO Newsflash\" target=\"_blank\" class=\"text-subdued-alpha\" rel=\"nofollow noopener\">RSS-Feed abonnieren<\/a><\/p>\n<p>Disclaimer f\u00fcr Finanznachrichten mit KI-Autor &#8222;wO newsflash&#8220;&#13;<br \/>\n&#13;<br \/>\nDie bereitgestellten Artikel wurden mit Hilfe einer k\u00fcnstlichen Intelligenz erstellt und dienen ausschlie\u00dflich Informationszwecken. Die Richtigkeit der Informationen kann nicht garantiert werden. Vor finanziellen Entscheidungen unbedingt unabh\u00e4ngige Quellen konsultieren. Wir \u00fcbernehmen keine Haftung f\u00fcr Verluste oder Sch\u00e4den. Investieren birgt Risiken. Keine Empfehlungen zum Kauf oder Verkauf von Finanzprodukten. Urheberrechtlich gesch\u00fctzt, keine Reproduktion ohne Genehmigung. Technische Fehlfunktionen sind jederzeit m\u00f6glich. \u00c4nderungen vorbehalten.<\/p>\n<p>AI generatedDieser Artikel wurde automatisch aus mehreren redaktionellen Quellen erstellt und nicht redaktionell gepr\u00fcft.<\/p>\n","protected":false},"excerpt":{"rendered":"**VW vor heikler Aufsichtsratssitzung: Gewerkschaft lehnt Werksschlie\u00dfungen ab** Im Streit \u00fcber den Sparkurs bei Volkswagen versch\u00e4rft sich der&hellip;\n","protected":false},"author":2,"featured_media":372352,"comment_status":"","ping_status":"","sticky":false,"template":"","format":"standard","meta":{"footnotes":"","_share_on_mastodon":"0"},"categories":[14],"tags":[46,42,95,90,89,91,94,44,93,92,61442,93230,93231],"class_list":["post-372351","post","type-post","status-publish","format-standard","has-post-thumbnail","category-unternehmen-maerkte","tag-at","tag-austria","tag-business","tag-companies","tag-companies-markets","tag-markets","tag-maerkte","tag-oesterreich","tag-unternehmen","tag-unternehmen-maerkte","tag-volkswagen-vw-vz-aktie","tag-volkswagen-vw-vz-chart","tag-volkswagen-vw-vz-kurs"],"share_on_mastodon":{"url":"https:\/\/pubeurope.com\/@at\/117205944920360262","error":""},"_links":{"self":[{"href":"https:\/\/www.europesays.com\/at\/wp-json\/wp\/v2\/posts\/372351","targetHints":{"allow":["GET"]}}],"collection":[{"href":"https:\/\/www.europesays.com\/at\/wp-json\/wp\/v2\/posts"}],"about":[{"href":"https:\/\/www.europesays.com\/at\/wp-json\/wp\/v2\/types\/post"}],"author":[{"embeddable":true,"href":"https:\/\/www.europesays.com\/at\/wp-json\/wp\/v2\/users\/2"}],"replies":[{"embeddable":true,"href":"https:\/\/www.europesays.com\/at\/wp-json\/wp\/v2\/comments?post=372351"}],"version-history":[{"count":0,"href":"https:\/\/www.europesays.com\/at\/wp-json\/wp\/v2\/posts\/372351\/revisions"}],"wp:featuredmedia":[{"embeddable":true,"href":"https:\/\/www.europesays.com\/at\/wp-json\/wp\/v2\/media\/372352"}],"wp:attachment":[{"href":"https:\/\/www.europesays.com\/at\/wp-json\/wp\/v2\/media?parent=372351"}],"wp:term":[{"taxonomy":"category","embeddable":true,"href":"https:\/\/www.europesays.com\/at\/wp-json\/wp\/v2\/categories?post=372351"},{"taxonomy":"post_tag","embeddable":true,"href":"https:\/\/www.europesays.com\/at\/wp-json\/wp\/v2\/tags?post=372351"}],"curies":[{"name":"wp","href":"https:\/\/api.w.org\/{rel}","templated":true}]}}