{"id":372357,"date":"2026-09-03T07:34:11","date_gmt":"2026-09-03T07:34:11","guid":{"rendered":"https:\/\/www.europesays.com\/at\/372357\/"},"modified":"2026-09-03T07:34:11","modified_gmt":"2026-09-03T07:34:11","slug":"im-gespraech-hofer-warnt-duerre-bedroht-landwirtschaft-und-versorgung","status":"publish","type":"post","link":"https:\/\/www.europesays.com\/at\/372357\/","title":{"rendered":"Im Gespr\u00e4ch &#8211; Hofer warnt: D\u00fcrre bedroht Landwirtschaft und Versorgung"},"content":{"rendered":"<p>        <img decoding=\"async\" src=\"https:\/\/www.europesays.com\/at\/wp-content\/uploads\/2026\/09\/img-T1Hze6IyabRtbYzY.jpeg\" data-fullscreen-src=\"https:\/\/www.noen.at\/image\/3840x0-jpg\/6610359\/img-T1Hze6IyabRtbYzY.jpeg\" bad-src=\"https:\/\/www.europesays.com\/at\/wp-content\/uploads\/2026\/09\/img-T1Hze6IyabRtbYzY.jpeg\" data-teaser-member=\"image\" alt=\"Herbert Hofer\"\/><\/p>\n<p>\n                Die D\u00fcrre hat auch den Bezirk Horn voll erwischt. Bezirksbauernkammer-Obmann Herbert Hofer warnt vor den Folgen, die mehrere solche Jahre f\u00fcr die Versorgungssicherheit mit Lebensmitteln haben k\u00f6nnten.            <\/p>\n<p>\n                Foto:<br \/>\n                Weikertschl\u00e4ger                            <\/p>\n<p>\n        Die Landwirtschaft im Bezirk Horn steht vor gro\u00dfen Herausforderungen: Anhaltende D\u00fcrre und Unsicherheiten belasten die Landwirte. Bezirksbauernkammer-Obmann Herbert Hofer appelliert im Gespr\u00e4ch mit Redaktionsleiter Thomas Weikertschl\u00e4ger an ein besseres Verst\u00e4ndnis f\u00fcr politische Abl\u00e4ufe und eine nachhaltige Unterst\u00fctzung, um die Lebensmittelversorgung langfristig zu sichern.     <\/p>\n<p>N\u00d6N: Die D\u00fcrre hat auch im Bezirk Horn voll zugeschlagen. Wie schaut es mit der Stimmungslage unter den Landwirten im Bezirk derzeit aus?<\/p>\n","protected":false},"excerpt":{"rendered":"Die D\u00fcrre hat auch den Bezirk Horn voll erwischt. Bezirksbauernkammer-Obmann Herbert Hofer warnt vor den Folgen, die mehrere&hellip;\n","protected":false},"author":2,"featured_media":372358,"comment_status":"","ping_status":"","sticky":false,"template":"","format":"standard","meta":{"footnotes":"","_share_on_mastodon":"0"},"categories":[6],"tags":[3805,4721,46,42,26215,34456,93232,7746,84448,93233,93235,5699,3281,4718,4730,93234,622,44,43,45,31885,25544],"class_list":["post-372357","post","type-post","status-publish","format-standard","has-post-thumbnail","category-oesterreich","tag-_plus","tag-agrarpolitik","tag-at","tag-austria","tag-bauern","tag-bauernbund","tag-bezirk-horn","tag-duerre","tag-ernteausfaelle","tag-herbert-hofer","tag-klimafolgen","tag-klimakrise","tag-klimawandel","tag-landwirtschaft","tag-landwirtschaftskammer","tag-lebensmittelversorgung","tag-niederoesterreich","tag-oesterreich","tag-republic-of-austria","tag-republik-oesterreich","tag-versorgungssicherheit","tag-waldviertel"],"share_on_mastodon":{"url":"https:\/\/pubeurope.com\/@at\/117205956436944396","error":""},"_links":{"self":[{"href":"https:\/\/www.europesays.com\/at\/wp-json\/wp\/v2\/posts\/372357","targetHints":{"allow":["GET"]}}],"collection":[{"href":"https:\/\/www.europesays.com\/at\/wp-json\/wp\/v2\/posts"}],"about":[{"href":"https:\/\/www.europesays.com\/at\/wp-json\/wp\/v2\/types\/post"}],"author":[{"embeddable":true,"href":"https:\/\/www.europesays.com\/at\/wp-json\/wp\/v2\/users\/2"}],"replies":[{"embeddable":true,"href":"https:\/\/www.europesays.com\/at\/wp-json\/wp\/v2\/comments?post=372357"}],"version-history":[{"count":0,"href":"https:\/\/www.europesays.com\/at\/wp-json\/wp\/v2\/posts\/372357\/revisions"}],"wp:featuredmedia":[{"embeddable":true,"href":"https:\/\/www.europesays.com\/at\/wp-json\/wp\/v2\/media\/372358"}],"wp:attachment":[{"href":"https:\/\/www.europesays.com\/at\/wp-json\/wp\/v2\/media?parent=372357"}],"wp:term":[{"taxonomy":"category","embeddable":true,"href":"https:\/\/www.europesays.com\/at\/wp-json\/wp\/v2\/categories?post=372357"},{"taxonomy":"post_tag","embeddable":true,"href":"https:\/\/www.europesays.com\/at\/wp-json\/wp\/v2\/tags?post=372357"}],"curies":[{"name":"wp","href":"https:\/\/api.w.org\/{rel}","templated":true}]}}