{"id":372379,"date":"2026-09-03T07:50:08","date_gmt":"2026-09-03T07:50:08","guid":{"rendered":"https:\/\/www.europesays.com\/at\/372379\/"},"modified":"2026-09-03T07:50:08","modified_gmt":"2026-09-03T07:50:08","slug":"kreise-elliott-steigt-bei-der-deutschen-telekom-ein","status":"publish","type":"post","link":"https:\/\/www.europesays.com\/at\/372379\/","title":{"rendered":"Kreise: Elliott steigt bei der Deutschen Telekom ein"},"content":{"rendered":"<p>Elliott habe angedeutet, dass die Deutsche Telekom ihre Fusionspl\u00e4ne fallen lassen sollte. Stattdessen sollten andere Ma\u00dfnahmen ergriffen werden, um den Wert des Unternehmens f\u00fcr die Aktion\u00e4re zu steigern &#8211; etwa \u00fcber eine deutliche Ausweitung der Aktienr\u00fcckk\u00e4ufe. Alle Beteiligten h\u00e4tten die Angelegenheit nicht kommentieren wollen.<\/p>\n<p>Die in New York notierten Hinterlegungsscheine der Telekom (ADR) legten in einer ersten Reaktion um bis zu f\u00fcnf Prozent zu. T-Mobile-US-Papiere gewannen drei Prozent. Ende April hatte Bloomberg unter Berufung auf Kreise berichtet, dass der deutsche Konzern \u00fcber eine Idee diskutiert habe, wonach eine Holdinggesellschaft Gebote f\u00fcr Aktien beider Unternehmen abgeben w\u00fcrde. Ein solcher Schritt w\u00e4re das gr\u00f6\u00dfte \u00f6ffentliche \u00dcbernahmegesch\u00e4ft aller Zeiten.<\/p>\n<p>Die Telekom h\u00e4lt etwa 53 Prozent an der US-Mobilfunktochter, die an der B\u00f6rse aktuell mit etwas mehr als 200 Milliarden Dollar bewertet wird. Die Deutsche Telekom selbst kommt auf umgerechnet rund 160 Milliarden Dollar.<\/p>\n<p>Das kombinierte Unternehmen k\u00f6nnte eine B\u00f6rsennotierung in den USA und an einem gro\u00dfen europ\u00e4ischen Handelsplatz anstreben, so die Kreise. Die Details m\u00fcssten aber noch ausgearbeitet werden. Zudem bef\u00e4nden sich die Diskussionen in einem fr\u00fchen Stadium und jede Ma\u00dfnahme erfordere politische Unterst\u00fctzung, um umgesetzt werden zu k\u00f6nnen. An der Telekom sind deren Angaben zufolge der Bund mit 14,1 Prozent und die in seinem Besitz befindliche Bank KfW mit 14,2 Prozent beteiligt.<\/p>\n<p>In den vergangenen Jahren h\u00e4tten sich beide Unternehmen immer mal wieder \u00fcber einen engeren Zusammenschluss unterhalten, hie\u00df es in den Kreisen weiter. Ob es dieses Mal klappt, war allerdings schon vor dem Einstieg von Elliott ungewiss. Laut der US-Nachrichtenseite Semafor haben Manager von T-Mobile US Bedenken \u00fcber einen Zusammenschluss mit der Telekom ge\u00e4u\u00dfert.<\/p>\n","protected":false},"excerpt":{"rendered":"Elliott habe angedeutet, dass die Deutsche Telekom ihre Fusionspl\u00e4ne fallen lassen sollte. Stattdessen sollten andere Ma\u00dfnahmen ergriffen werden,&hellip;\n","protected":false},"author":2,"featured_media":372380,"comment_status":"","ping_status":"","sticky":false,"template":"","format":"standard","meta":{"footnotes":"","_share_on_mastodon":"0"},"categories":[14],"tags":[46,42,95,90,89,91,94,44,93,92],"class_list":["post-372379","post","type-post","status-publish","format-standard","has-post-thumbnail","category-unternehmen-maerkte","tag-at","tag-austria","tag-business","tag-companies","tag-companies-markets","tag-markets","tag-maerkte","tag-oesterreich","tag-unternehmen","tag-unternehmen-maerkte"],"share_on_mastodon":{"url":"https:\/\/pubeurope.com\/@at\/117206019348981067","error":""},"_links":{"self":[{"href":"https:\/\/www.europesays.com\/at\/wp-json\/wp\/v2\/posts\/372379","targetHints":{"allow":["GET"]}}],"collection":[{"href":"https:\/\/www.europesays.com\/at\/wp-json\/wp\/v2\/posts"}],"about":[{"href":"https:\/\/www.europesays.com\/at\/wp-json\/wp\/v2\/types\/post"}],"author":[{"embeddable":true,"href":"https:\/\/www.europesays.com\/at\/wp-json\/wp\/v2\/users\/2"}],"replies":[{"embeddable":true,"href":"https:\/\/www.europesays.com\/at\/wp-json\/wp\/v2\/comments?post=372379"}],"version-history":[{"count":0,"href":"https:\/\/www.europesays.com\/at\/wp-json\/wp\/v2\/posts\/372379\/revisions"}],"wp:featuredmedia":[{"embeddable":true,"href":"https:\/\/www.europesays.com\/at\/wp-json\/wp\/v2\/media\/372380"}],"wp:attachment":[{"href":"https:\/\/www.europesays.com\/at\/wp-json\/wp\/v2\/media?parent=372379"}],"wp:term":[{"taxonomy":"category","embeddable":true,"href":"https:\/\/www.europesays.com\/at\/wp-json\/wp\/v2\/categories?post=372379"},{"taxonomy":"post_tag","embeddable":true,"href":"https:\/\/www.europesays.com\/at\/wp-json\/wp\/v2\/tags?post=372379"}],"curies":[{"name":"wp","href":"https:\/\/api.w.org\/{rel}","templated":true}]}}