{"id":372385,"date":"2026-09-03T07:53:13","date_gmt":"2026-09-03T07:53:13","guid":{"rendered":"https:\/\/www.europesays.com\/at\/372385\/"},"modified":"2026-09-03T07:53:13","modified_gmt":"2026-09-03T07:53:13","slug":"mann-wollte-bei-graz-auto-mit-190-km-h-trockenfahren","status":"publish","type":"post","link":"https:\/\/www.europesays.com\/at\/372385\/","title":{"rendered":"Mann wollte bei Graz Auto mit 190 km\/h &#8222;trockenfahren&#8220;"},"content":{"rendered":"<p class=\"vorspann\">\n        Ein 19 Jahre alter Autolenker ist in der Nacht auf Donnerstag mit 190 km\/h in einer 80er-Zone s\u00fcdlich von Graz erwischt worden. Der junge Mann hatte eine originelle Erkl\u00e4rung gegen\u00fcber den Polizisten parat: Er habe gerade sein Auto gewaschen und es &#8222;trockenfahren&#8220; wollen. Seinen Probef\u00fchrerschein ist er los, auch sein PS-starker Wagen wurde vorl\u00e4ufig beschlagnahmt, teilte die Landespolizeidirektion mit.\n      <\/p>\n<p class=\"articleDateAndDuration\">\n        03. 09. 2026,  09:19\u00a0Uhr<br \/>\n        Lesedauer:         1 Minute<\/p>\n<p>Polizisten der Landesverkehrsabteilung (LVA) Steiermark hatten gegen 1.00 Uhr auf der B67 in Feldkirchen bei Graz (Bezirk Graz-Umgebung) im Bereich des Flughafens Verkehrskontrollen durchgef\u00fchrt. Dabei fiel ihnen der PS-starke Pkw auf, dessen Lenker nach dem Kreisverkehr beim Airport in Richtung Graz stark beschleunigte. Bei der Geschwindigkeitsmessung stellten sie rund 190 km\/h fest. Wenig sp\u00e4ter wurde der 19-J\u00e4hrige gestoppt. Er wurde angezeigt.<\/p>\n<p>(Quelle: APA)<\/p>\n<p>    <img decoding=\"async\" src=\"https:\/\/www.europesays.com\/at\/wp-content\/uploads\/2026\/09\/1788421993_569_loader_small_grey.gif\" alt=\"L\u00e4dt\" title=\"L\u00e4dt\"\/><\/p>\n<p>      Folgen<\/p>\n<p>\n        Zum Folgen bitte anmelden.<br \/>\n        Abbruch\n      <\/p>\n<p>\n    Folgen\n  <\/p>\n<p>\n    gefolgt\n  <\/p>\n<p>      Folgen<\/p>\n<p>\n        Datenspeicherung f\u00fcr meine Themen<br \/>\n        zustimmen\n      <\/p>\n","protected":false},"excerpt":{"rendered":"Ein 19 Jahre alter Autolenker ist in der Nacht auf Donnerstag mit 190 km\/h in einer 80er-Zone s\u00fcdlich&hellip;\n","protected":false},"author":2,"featured_media":372386,"comment_status":"","ping_status":"","sticky":false,"template":"","format":"standard","meta":{"footnotes":"","_share_on_mastodon":"0"},"categories":[6],"tags":[46,42,44,43,45],"class_list":["post-372385","post","type-post","status-publish","format-standard","has-post-thumbnail","category-oesterreich","tag-at","tag-austria","tag-oesterreich","tag-republic-of-austria","tag-republik-oesterreich"],"share_on_mastodon":{"url":"https:\/\/pubeurope.com\/@at\/117206031709601060","error":""},"_links":{"self":[{"href":"https:\/\/www.europesays.com\/at\/wp-json\/wp\/v2\/posts\/372385","targetHints":{"allow":["GET"]}}],"collection":[{"href":"https:\/\/www.europesays.com\/at\/wp-json\/wp\/v2\/posts"}],"about":[{"href":"https:\/\/www.europesays.com\/at\/wp-json\/wp\/v2\/types\/post"}],"author":[{"embeddable":true,"href":"https:\/\/www.europesays.com\/at\/wp-json\/wp\/v2\/users\/2"}],"replies":[{"embeddable":true,"href":"https:\/\/www.europesays.com\/at\/wp-json\/wp\/v2\/comments?post=372385"}],"version-history":[{"count":0,"href":"https:\/\/www.europesays.com\/at\/wp-json\/wp\/v2\/posts\/372385\/revisions"}],"wp:featuredmedia":[{"embeddable":true,"href":"https:\/\/www.europesays.com\/at\/wp-json\/wp\/v2\/media\/372386"}],"wp:attachment":[{"href":"https:\/\/www.europesays.com\/at\/wp-json\/wp\/v2\/media?parent=372385"}],"wp:term":[{"taxonomy":"category","embeddable":true,"href":"https:\/\/www.europesays.com\/at\/wp-json\/wp\/v2\/categories?post=372385"},{"taxonomy":"post_tag","embeddable":true,"href":"https:\/\/www.europesays.com\/at\/wp-json\/wp\/v2\/tags?post=372385"}],"curies":[{"name":"wp","href":"https:\/\/api.w.org\/{rel}","templated":true}]}}