{"id":372393,"date":"2026-09-03T07:58:10","date_gmt":"2026-09-03T07:58:10","guid":{"rendered":"https:\/\/www.europesays.com\/at\/372393\/"},"modified":"2026-09-03T07:58:10","modified_gmt":"2026-09-03T07:58:10","slug":"mann-wollte-bei-graz-auto-mit-190-km-h-trockenfahren-2","status":"publish","type":"post","link":"https:\/\/www.europesays.com\/at\/372393\/","title":{"rendered":"Mann wollte bei Graz Auto mit 190 km\/h &#8222;trockenfahren&#8220;"},"content":{"rendered":"<p>        <img decoding=\"async\" src=\"https:\/\/www.europesays.com\/at\/wp-content\/uploads\/2026\/09\/63690011494848424_BLD_Online.jpg\" data-fullscreen-src=\"https:\/\/www.noen.at\/image\/3840x0-jpg\/6610444\/63690011494848424_BLD_Online.jpg\" bad-src=\"https:\/\/www.europesays.com\/at\/wp-content\/uploads\/2026\/09\/63690011494848424_BLD_Online.jpg\" data-teaser-member=\"image\" alt=\"19-J\u00e4hriger mit 190 km\/h in 80er-Zone bei Graz gestoppt\"\/><\/p>\n<p>\n                19-J\u00e4hriger mit 190 km\/h in 80er-Zone bei Graz gestoppt            <\/p>\n<p>\n                Foto:<br \/>\n                APA\/THEMENBILD                            <\/p>\n<p>\n        Ein 19 Jahre alter Autolenker ist in der Nacht auf Donnerstag mit 190 km\/h in einer 80er-Zone s\u00fcdlich von Graz erwischt worden. Der junge Mann hatte eine originelle Erkl\u00e4rung gegen\u00fcber den Polizisten parat: Er habe gerade sein Auto gewaschen und es &#8222;trockenfahren&#8220; wollen. Seinen Probef\u00fchrerschein ist er los, auch sein PS-starker Wagen wurde vorl\u00e4ufig beschlagnahmt, teilte die Landespolizeidirektion mit.    <\/p>\n<p>Polizisten der Landesverkehrsabteilung (LVA) Steiermark hatten gegen 1.00 Uhr auf der B67 in Feldkirchen bei Graz (Bezirk Graz-Umgebung) im Bereich des Flughafens Verkehrskontrollen durchgef\u00fchrt. Dabei fiel ihnen der PS-starke Pkw auf, dessen Lenker nach dem Kreisverkehr beim Airport in Richtung Graz stark beschleunigte. Bei der Geschwindigkeitsmessung stellten sie rund 190 km\/h fest. Wenig sp\u00e4ter wurde der 19-J\u00e4hrige gestoppt. Er wurde angezeigt.<\/p>\n","protected":false},"excerpt":{"rendered":"19-J\u00e4hriger mit 190 km\/h in 80er-Zone bei Graz gestoppt Foto: APA\/THEMENBILD Ein 19 Jahre alter Autolenker ist in&hellip;\n","protected":false},"author":2,"featured_media":372394,"comment_status":"","ping_status":"","sticky":false,"template":"","format":"standard","meta":{"footnotes":"","_share_on_mastodon":"0"},"categories":[29],"tags":[277,2026,46,42,183,44,116,19121],"class_list":["post-372393","post","type-post","status-publish","format-standard","has-post-thumbnail","category-graz","tag-_apafeed","tag-_isshort","tag-at","tag-austria","tag-graz","tag-oesterreich","tag-steiermark","tag-verkehrszwischenfall"],"share_on_mastodon":{"url":"","error":""},"_links":{"self":[{"href":"https:\/\/www.europesays.com\/at\/wp-json\/wp\/v2\/posts\/372393","targetHints":{"allow":["GET"]}}],"collection":[{"href":"https:\/\/www.europesays.com\/at\/wp-json\/wp\/v2\/posts"}],"about":[{"href":"https:\/\/www.europesays.com\/at\/wp-json\/wp\/v2\/types\/post"}],"author":[{"embeddable":true,"href":"https:\/\/www.europesays.com\/at\/wp-json\/wp\/v2\/users\/2"}],"replies":[{"embeddable":true,"href":"https:\/\/www.europesays.com\/at\/wp-json\/wp\/v2\/comments?post=372393"}],"version-history":[{"count":0,"href":"https:\/\/www.europesays.com\/at\/wp-json\/wp\/v2\/posts\/372393\/revisions"}],"wp:featuredmedia":[{"embeddable":true,"href":"https:\/\/www.europesays.com\/at\/wp-json\/wp\/v2\/media\/372394"}],"wp:attachment":[{"href":"https:\/\/www.europesays.com\/at\/wp-json\/wp\/v2\/media?parent=372393"}],"wp:term":[{"taxonomy":"category","embeddable":true,"href":"https:\/\/www.europesays.com\/at\/wp-json\/wp\/v2\/categories?post=372393"},{"taxonomy":"post_tag","embeddable":true,"href":"https:\/\/www.europesays.com\/at\/wp-json\/wp\/v2\/tags?post=372393"}],"curies":[{"name":"wp","href":"https:\/\/api.w.org\/{rel}","templated":true}]}}