{"id":372449,"date":"2026-09-03T08:37:12","date_gmt":"2026-09-03T08:37:12","guid":{"rendered":"https:\/\/www.europesays.com\/at\/372449\/"},"modified":"2026-09-03T08:37:12","modified_gmt":"2026-09-03T08:37:12","slug":"graz-meistercoach-lacroix-ich-bin-mir-gegenueber-sehr-kritisch","status":"publish","type":"post","link":"https:\/\/www.europesays.com\/at\/372449\/","title":{"rendered":"Graz-Meistercoach Lacroix: &#8222;Ich bin mir gegen\u00fcber sehr kritisch&#8220;"},"content":{"rendered":"<p>LAOLA1: Im Gespr\u00e4ch mit Lukas Haudum hat er Sie sehr daf\u00fcr gelobt, wie Sie sein Spiel in den wenigen Monaten seit Ihrem Amtsantritt weiterentwickelt haben. Er ist nicht der Einzige, von dem solche Worte kommen. Das sagt viel \u00fcber Ihre Arbeit als Trainer aus. Wie stolz macht Sie das?<\/p>\n<p>Lacroix: Wir Trainer sind nur so gut wie unsere Bilanz. Wir hatten eine erfolgreiche Saison, aber das ist das Sch\u00f6ne an unserem Sport. Jedes Jahr haben wir eine neue Chance, neue Herausforderungen. Es macht mir Spa\u00df, all diese Jungs zu trainieren. Es gibt immer eine Herausforderung, denn niemand lernt auf die gleiche Weise. Wir haben viel Arbeit vor uns, um unser Team kennenzulernen. Haudum war f\u00fcr keinen Trainer ein einfaches Puzzle, aber er ist sicherlich ein sehr befriedigendes, sobald man alle Teile zusammengesetzt hat. Letztendlich wollen alle Spieler dasselbe: Sie wollen besser werden und ihren Beitrag leisten. Das ist alles. Man muss sie in die Verantwortung nehmen, aber fair sein. Wenn sie verstehen, dass wir die Dinge aus den richtigen Gr\u00fcnden tun, dann werden wir jeden Tag Fortschritte sehen. Ich freue mich auf unsere neue Saison und die Herausforderungen, die vor uns liegen.<\/p>\n<p>LAOLA1: Worauf freuen Sie sich am meisten?<\/p>\n<p>Lacroix: Ich bin gespannt darauf, zu sehen, wie wir auf Widrigkeiten reagieren. Ich m\u00f6chte, dass unsere Mannschaft stets auf alle Situationen vorbereitet ist. Ich m\u00f6chte nicht, dass wir uns leicht ablenken oder aus der Bahn werfen lassen. Es wird sicherlich R\u00fcckschl\u00e4ge geben, aber wir betrachten diese als Chancen, uns zu verbessern.<\/p>\n<p>LAOLA1: Ich m\u00f6chte Sie nicht nach dem Saisonziel fragen, denn das wird wahrscheinlich wieder der Gewinn der Meisterschaft sein. Deshalb frage ich Sie lieber Folgendes: Wenn Sie in ein paar Monaten auf die Saison zur\u00fcckblicken, wann w\u00fcrden Sie sagen, dass sie gut verlaufen ist?<\/p>\n<p>Lacroix: Wir wollen das volle Potenzial unserer Mannschaft aussch\u00f6pfen. Bedeutet das, die Meisterschaft zu gewinnen? Nat\u00fcrlich w\u00fcnscht man sich vor jeder Saison den Meistertitel. Aber man muss darauf hinarbeiten. Wir haben uns in der letzten Saison Respekt verschafft. Ich m\u00f6chte, dass wir in diesem Sinne weitermachen, jeden Tag unser Bestes geben und als Mannschaft besser werden, um uns den Respekt unserer Teamkollegen und Gegner zu verdienen. Wenn wir das schaffen, werden wir meiner Meinung nach eine Mannschaft sein, die um die Meisterschaft mitspielt. Und genau deshalb sind wir hier.<\/p>\n<p>LAOLA1: Danke f\u00fcr das Gespr\u00e4ch!<\/p>\n","protected":false},"excerpt":{"rendered":"LAOLA1: Im Gespr\u00e4ch mit Lukas Haudum hat er Sie sehr daf\u00fcr gelobt, wie Sie sein Spiel in den&hellip;\n","protected":false},"author":2,"featured_media":372450,"comment_status":"","ping_status":"","sticky":false,"template":"","format":"standard","meta":{"footnotes":"","_share_on_mastodon":"0"},"categories":[29],"tags":[46,42,3682,300,183,3461,7902,44,1924,117],"class_list":["post-372449","post","type-post","status-publish","format-standard","has-post-thumbnail","category-graz","tag-at","tag-austria","tag-dan-lacroix","tag-eishockey","tag-graz","tag-graz99ers","tag-laola1","tag-oesterreich","tag-win2day-ice-hockey-league","tag-wintersport"],"share_on_mastodon":{"url":"https:\/\/pubeurope.com\/@at\/117206204013183614","error":""},"_links":{"self":[{"href":"https:\/\/www.europesays.com\/at\/wp-json\/wp\/v2\/posts\/372449","targetHints":{"allow":["GET"]}}],"collection":[{"href":"https:\/\/www.europesays.com\/at\/wp-json\/wp\/v2\/posts"}],"about":[{"href":"https:\/\/www.europesays.com\/at\/wp-json\/wp\/v2\/types\/post"}],"author":[{"embeddable":true,"href":"https:\/\/www.europesays.com\/at\/wp-json\/wp\/v2\/users\/2"}],"replies":[{"embeddable":true,"href":"https:\/\/www.europesays.com\/at\/wp-json\/wp\/v2\/comments?post=372449"}],"version-history":[{"count":0,"href":"https:\/\/www.europesays.com\/at\/wp-json\/wp\/v2\/posts\/372449\/revisions"}],"wp:featuredmedia":[{"embeddable":true,"href":"https:\/\/www.europesays.com\/at\/wp-json\/wp\/v2\/media\/372450"}],"wp:attachment":[{"href":"https:\/\/www.europesays.com\/at\/wp-json\/wp\/v2\/media?parent=372449"}],"wp:term":[{"taxonomy":"category","embeddable":true,"href":"https:\/\/www.europesays.com\/at\/wp-json\/wp\/v2\/categories?post=372449"},{"taxonomy":"post_tag","embeddable":true,"href":"https:\/\/www.europesays.com\/at\/wp-json\/wp\/v2\/tags?post=372449"}],"curies":[{"name":"wp","href":"https:\/\/api.w.org\/{rel}","templated":true}]}}