{"id":372453,"date":"2026-09-03T08:40:19","date_gmt":"2026-09-03T08:40:19","guid":{"rendered":"https:\/\/www.europesays.com\/at\/372453\/"},"modified":"2026-09-03T08:40:19","modified_gmt":"2026-09-03T08:40:19","slug":"sportstars-bestaunen-die-eigenen-skulpturen-50-000-kuerbisse-fuer-echte-olympia-medaillen","status":"publish","type":"post","link":"https:\/\/www.europesays.com\/at\/372453\/","title":{"rendered":"Sportstars bestaunen die eigenen Skulpturen: 50.000 K\u00fcrbisse f\u00fcr echte Olympia-Medaillen"},"content":{"rendered":"<p>Freital &#8211; Klassentreffen der Top-Athleten: Gleich sieben s\u00e4chsische Olympioniken lie\u00dfen sich am Mittwoch die Er\u00f6ffnung der Ausstellung &#8222;K\u00fcrbis-Olympiade&#8220; im <a rel=\"nofollow noopener\" href=\"https:\/\/www.tag24.de\/sachsen\/kuerbis-olympiade-freital-laeutet-die-sportfeste-ein-mit-ueber-20-skulpturen-3527779\" data-vars-href=\"https:\/\/www.tag24.de\/sachsen\/kuerbis-olympiade-freital-laeutet-die-sportfeste-ein-mit-ueber-20-skulpturen-3527779\" data-vars-identifier=\"1788367549771\" data-aid=\"3527779\" data-vars-aid=\"3527779\" data-vars-url=\"https:\/\/www.tag24.de\/sachsen\/kuerbis-olympiade-freital-laeutet-die-sportfeste-ein-mit-ueber-20-skulpturen-3527779\" data-vars-aplacement=\"intext\" data-vars- target=\"_blank\">Freitaler Freizeitpark &#8222;Oskarshausen&#8220;<\/a> nicht entgehen.<\/p>\n<p>            <img loading=\"lazy\" decoding=\"async\" class=\"article__img\" alt=\"Biathleth Michael &quot;Ebs&quot; R\u00f6sch (43) hat seine Olympiamedaille in die K\u00fcrbisausstellung mitgebracht.\" width=\"951\" height=\"634\" src=\"https:\/\/www.europesays.com\/at\/wp-content\/uploads\/2026\/09\/jkb18pjku17d9ebjra5xzf6yfjrxv25b.jpg\"  \/><\/p>\n<p>            Biathleth Michael &#8222;Ebs&#8220; R\u00f6sch (43) hat seine Olympiamedaille in die K\u00fcrbisausstellung mitgebracht.\u00a0\u00a0\u00a9\u00a0Holm Helis<\/p>\n<p>Der vierfache Bob-Olympiasieger Francesco Friedrich (36), Kanute Tom Liebscher-Lucz (33, 3\u00a0\u00d7\u00a0Gold), Schwimmer Jens Kruppa (50, 2\u00a0\u00d7\u00a0Silber), Biathlet Michael R\u00f6sch (43, 1\u00a0\u00d7\u00a0Gold), die Ruderer Tim Grohmann (37, 1\u00a0\u00d7\u00a0Gold) und Kerstin M\u00fcller (57, 1\u00a0\u00d7\u00a0Gold) sowie Skispringer Jens Wei\u00dfflog (62, 3\u00a0\u00d7\u00a0Gold) bestaunten vor Ort die Skulpturen und Bilder ihrer olympischen Disziplinen &#8211; erbaut aus insgesamt \u00fcber 50.000 K\u00fcrbissen, mit sehr viel Liebe zum Detail.<\/p>\n<p>So wurde der Skispringer mit Wei\u00dfflogs kleinem Oberlippenbart bedacht, Friedrichs Bob aus gelben K\u00fcrbissen gebaut. Wei\u00dfflog erkannte sofort: &#8222;Das ist ja noch ein Sprung im Parallelstil.&#8220; <\/p>\n<p>Liebscher lie\u00df erst seine Kinder im Kanu Platz nehmen, danach probierte er selbst das K\u00fcrbis-Kanu aus. &#8222;Sitzt sich sehr gut&#8220;, lobte der Wassersportler.<\/p>\n<p>            <img decoding=\"async\" class=\"article__img\" alt=\"Olympiasieger Jens Kruppa (50) krault mit dem K\u00fcrbis-Schwimmer um die Wette.\" width=\"951\" height=\"634\" loading=\"lazy\" src=\"https:\/\/www.europesays.com\/at\/wp-content\/uploads\/2026\/09\/62pz9bixw6a2x07dojj389egoujchcpf.jpg\"  \/><\/p>\n<p>            Olympiasieger Jens Kruppa (50) krault mit dem K\u00fcrbis-Schwimmer um die Wette.\u00a0\u00a0\u00a9\u00a0Holm Helis<\/p>\n<p>&#8222;Die Armbeuge geht sch\u00f6n weit nach oben&#8220;, beurteilte Kruppa fachm\u00e4nnisch die Schwimmer-Skulptur.<\/p>\n<p>Insgesamt elf Olympia-Medaillen packten die Sportler vor Ort aus. Wei\u00dfflog belie\u00df sein Edelmetall in seinem Oberwiesenthaler Hotel, brachte daf\u00fcr aber \u00dcbernachtungsgutscheine f\u00fcr die Gewinner der Besucher-Olympiade mit.<\/p>\n<p>Die olympische K\u00fcrbis-Ausstellung ist bis 15. November ge\u00f6ffnet. Infos: <a target=\"_blank\" rel=\"nofollow noopener\" href=\"http:\/\/kuerbishausen.de\" data-vars-href=\"http:\/\/kuerbishausen.de\" data-vars-identifier=\"1788367697596\" data-vars->kuerbishausen.de<\/a> <\/p>\n","protected":false},"excerpt":{"rendered":"Freital &#8211; Klassentreffen der Top-Athleten: Gleich sieben s\u00e4chsische Olympioniken lie\u00dfen sich am Mittwoch die Er\u00f6ffnung der Ausstellung &#8222;K\u00fcrbis-Olympiade&#8220;&hellip;\n","protected":false},"author":2,"featured_media":372454,"comment_status":"","ping_status":"","sticky":false,"template":"","format":"standard","meta":{"footnotes":"","_share_on_mastodon":"0"},"categories":[26],"tags":[158,157,46,42,159,147,161,160,44,148],"class_list":["post-372453","post","type-post","status-publish","format-standard","has-post-thumbnail","category-kunst-und-design","tag-art","tag-art-and-design","tag-at","tag-austria","tag-design","tag-entertainment","tag-kunst","tag-kunst-und-design","tag-oesterreich","tag-unterhaltung"],"share_on_mastodon":{"url":"https:\/\/pubeurope.com\/@at\/117206216422926231","error":""},"_links":{"self":[{"href":"https:\/\/www.europesays.com\/at\/wp-json\/wp\/v2\/posts\/372453","targetHints":{"allow":["GET"]}}],"collection":[{"href":"https:\/\/www.europesays.com\/at\/wp-json\/wp\/v2\/posts"}],"about":[{"href":"https:\/\/www.europesays.com\/at\/wp-json\/wp\/v2\/types\/post"}],"author":[{"embeddable":true,"href":"https:\/\/www.europesays.com\/at\/wp-json\/wp\/v2\/users\/2"}],"replies":[{"embeddable":true,"href":"https:\/\/www.europesays.com\/at\/wp-json\/wp\/v2\/comments?post=372453"}],"version-history":[{"count":0,"href":"https:\/\/www.europesays.com\/at\/wp-json\/wp\/v2\/posts\/372453\/revisions"}],"wp:featuredmedia":[{"embeddable":true,"href":"https:\/\/www.europesays.com\/at\/wp-json\/wp\/v2\/media\/372454"}],"wp:attachment":[{"href":"https:\/\/www.europesays.com\/at\/wp-json\/wp\/v2\/media?parent=372453"}],"wp:term":[{"taxonomy":"category","embeddable":true,"href":"https:\/\/www.europesays.com\/at\/wp-json\/wp\/v2\/categories?post=372453"},{"taxonomy":"post_tag","embeddable":true,"href":"https:\/\/www.europesays.com\/at\/wp-json\/wp\/v2\/tags?post=372453"}],"curies":[{"name":"wp","href":"https:\/\/api.w.org\/{rel}","templated":true}]}}