{"id":372463,"date":"2026-09-03T08:48:12","date_gmt":"2026-09-03T08:48:12","guid":{"rendered":"https:\/\/www.europesays.com\/at\/372463\/"},"modified":"2026-09-03T08:48:12","modified_gmt":"2026-09-03T08:48:12","slug":"gehalt-so-viel-kassiert-der-neue-apple-boss","status":"publish","type":"post","link":"https:\/\/www.europesays.com\/at\/372463\/","title":{"rendered":"Gehalt: So viel kassiert der neue Apple-Boss"},"content":{"rendered":"<p>\nBei Apple beginnt eine neue \u00c4ra: Der bisherige Hardware-Chef John Ternus \u00fcbernimmt das Ruder von Tim Cook. Mit dem CEO-Posten beim iPhone-Konzern ist ein gewaltiges Gehaltspaket verbunden.\n<\/p>\n<p data-testid=\"paragraph\" class=\"typography-lg my-layout-default my-7\">\nSeit Dienstag f\u00fchrt John Ternus den US-Konzern. Der bisherige Hardware-Chef folgt auf Tim Cook und \u00fcbernimmt damit eine der m\u00e4chtigsten Positionen der Tech-Branche. Seine neue Rolle macht sich auch beim Gehalt deutlich bemerkbar, wie aus Unterlagen an die US-B\u00f6rsenaufsicht SEC hervorgeht. Als Konzernleiter erh\u00e4lt er ein festes Jahresgehalt von 3 Millionen US-Dollar (2,6 Millionen Euro). Dazu kommt f\u00fcr das Gesch\u00e4ftsjahr 2027 ein Aktienpaket mit einem Zielwert von 55 Millionen US-Dollar. Insgesamt macht das 58 Millionen US-Dollar (50 Millionen Euro). F\u00fcr seine kurze Amtszeit im Gesch\u00e4ftsjahr 2026 bekommt er separat ein anteiliges Paket im Zielwert von 2,5 Millionen US-Dollar (2,2 Millionen Euro).\n<\/p>\n<p><img class=\"mb-0 w-full\" alt=\"Zwei M\u00e4nner halten Pr\u00e4sentationen auf B\u00fchnen mit dunklem Hintergrund.\" src=\"https:\/\/www.europesays.com\/at\/wp-content\/uploads\/2026\/09\/c7eccbb5-1a17-49da-9dbc-e025714cf959.jpeg\"   loading=\"lazy\" decoding=\"async\"\/><\/p>\n<p>\u00a9 APA\/AFP\/BRITTANY HOSEA-SMALL<\/p>\n<p>Vergleich mit Vorg\u00e4nger Tim Cook<\/p>\n<p data-testid=\"paragraph\" class=\"typography-lg my-layout-default my-7\">\nVorg\u00e4nger Tim Cook verdiente zuletzt noch mehr. F\u00fcr das Gesch\u00e4ftsjahr 2025 bezifferte Apple seine Gesamtverg\u00fctung auf rund 74,3 Millionen US-Dollar (64 Millionen Euro). Davon waren 3 Millionen US-Dollar Grundgehalt und etwa 57,5 Millionen US-Dollar Aktien. Hinzu kamen 12 Millionen US-Dollar (10,4 Millionen Euro) als erfolgsabh\u00e4ngige Barzahlung sowie knapp 1,8 Millionen US-Dollar (1,5 Millionen Euro) an sonstigen Leistungen. Ein direkter Vergleich der Summen ist jedoch nicht m\u00f6glich, da f\u00fcr die Nachfolge bislang nur Grundgehalt und Aktienpaket f\u00fcr 2027 feststehen. Zudem f\u00fchrte Cook den Konzern gut 15 Jahre lang.\n<\/p>\n<p>Millionen h\u00e4ngen vom B\u00f6rsenerfolg ab<\/p>\n<p data-testid=\"paragraph\" class=\"typography-lg my-layout-default my-7\">\nDie Millionen aus dem Aktienpaket sind f\u00fcr die neue F\u00fchrungskraft keineswegs garantiert. Wie bei Cooks Paket f\u00fcr 2025 sind auch beim Paket f\u00fcr 2027 75 Prozent an den Erfolg gekoppelt. Entscheidend ist die Entwicklung an der B\u00f6rse im Vergleich zum S&amp;P-500-Index. Die verbleibenden 25 Prozent werden \u00fcber vier Jahre hinweg halbj\u00e4hrlich in gleichen Teilen ausgezahlt, unabh\u00e4ngig von der Wertentwicklung.<\/p>\n","protected":false},"excerpt":{"rendered":"Bei Apple beginnt eine neue \u00c4ra: Der bisherige Hardware-Chef John Ternus \u00fcbernimmt das Ruder von Tim Cook. Mit&hellip;\n","protected":false},"author":2,"featured_media":372464,"comment_status":"","ping_status":"","sticky":false,"template":"","format":"standard","meta":{"footnotes":"","_share_on_mastodon":"0"},"categories":[14],"tags":[46,42,95,90,89,91,94,44,93,92],"class_list":["post-372463","post","type-post","status-publish","format-standard","has-post-thumbnail","category-unternehmen-maerkte","tag-at","tag-austria","tag-business","tag-companies","tag-companies-markets","tag-markets","tag-maerkte","tag-oesterreich","tag-unternehmen","tag-unternehmen-maerkte"],"share_on_mastodon":{"url":"https:\/\/pubeurope.com\/@at\/117206247771586415","error":""},"_links":{"self":[{"href":"https:\/\/www.europesays.com\/at\/wp-json\/wp\/v2\/posts\/372463","targetHints":{"allow":["GET"]}}],"collection":[{"href":"https:\/\/www.europesays.com\/at\/wp-json\/wp\/v2\/posts"}],"about":[{"href":"https:\/\/www.europesays.com\/at\/wp-json\/wp\/v2\/types\/post"}],"author":[{"embeddable":true,"href":"https:\/\/www.europesays.com\/at\/wp-json\/wp\/v2\/users\/2"}],"replies":[{"embeddable":true,"href":"https:\/\/www.europesays.com\/at\/wp-json\/wp\/v2\/comments?post=372463"}],"version-history":[{"count":0,"href":"https:\/\/www.europesays.com\/at\/wp-json\/wp\/v2\/posts\/372463\/revisions"}],"wp:featuredmedia":[{"embeddable":true,"href":"https:\/\/www.europesays.com\/at\/wp-json\/wp\/v2\/media\/372464"}],"wp:attachment":[{"href":"https:\/\/www.europesays.com\/at\/wp-json\/wp\/v2\/media?parent=372463"}],"wp:term":[{"taxonomy":"category","embeddable":true,"href":"https:\/\/www.europesays.com\/at\/wp-json\/wp\/v2\/categories?post=372463"},{"taxonomy":"post_tag","embeddable":true,"href":"https:\/\/www.europesays.com\/at\/wp-json\/wp\/v2\/tags?post=372463"}],"curies":[{"name":"wp","href":"https:\/\/api.w.org\/{rel}","templated":true}]}}