{"id":372469,"date":"2026-09-03T08:51:10","date_gmt":"2026-09-03T08:51:10","guid":{"rendered":"https:\/\/www.europesays.com\/at\/372469\/"},"modified":"2026-09-03T08:51:10","modified_gmt":"2026-09-03T08:51:10","slug":"fpoe-nepp-mutmassliche-op-vorreihung-von-bablers-vater-zeigt-unfassbare-spoe-heuchelei","status":"publish","type":"post","link":"https:\/\/www.europesays.com\/at\/372469\/","title":{"rendered":"FP\u00d6 \u2013 Nepp: Mutma\u00dfliche OP-Vorreihung von Bablers Vater zeigt unfassbare SP\u00d6-Heuchelei"},"content":{"rendered":"<p>Wien (OTS) &#8211;\u00a0<\/p>\n<p>Als \u201eunfassbare Heuchelei der Sonderklasse\u201c bezeichnet der Wiener FP\u00d6-Chef, Stadtrat Dominik Nepp, die aktuellen Berichte rund um einen au\u00dfergew\u00f6hnlich raschen Operationstermin f\u00fcr den Vater von SP\u00d6-Chef Andreas Babler im Orthop\u00e4dischen Spital Speising.<\/p>\n<p>\u201eAndreas Babler inszeniert sich \u00f6ffentlich als gro\u00dfer K\u00e4mpfer gegen die sogenannte Zweiklassenmedizin und will Privatspit\u00e4lern \u00f6ffentliche Mittel streichen. Gleichzeitig soll ausgerechnet sein eigener Vater in einem Wiener Spital innerhalb weniger Wochen einen Operationstermin erhalten haben, auf den andere Patienten sechs bis zw\u00f6lf Monate warten m\u00fcssen. Wasser predigen und Wein trinken \u2013 treffender kann man die Politik der SP\u00d6 kaum beschreiben\u201c, so Nepp.<\/p>\n<p>Besonders brisant sei, dass es sich bei Bablers Vater um einen Gastpatienten aus Nieder\u00f6sterreich gehandelt habe und nun der Verdacht einer m\u00f6glichen Vorreihung im Raum stehe. \u201eW\u00e4hrend tausende Wiener monatelang unter Schmerzen auf notwendige Operationen warten, entsteht hier zumindest der Eindruck, dass f\u00fcr das unmittelbare Umfeld eines der m\u00e4chtigsten SP\u00d6-Politiker \u00d6sterreichs pl\u00f6tzlich andere Regeln gelten k\u00f6nnten. SP\u00d6-B\u00fcrgermeister Ludwig und SP\u00d6-Gesundheitsstadtrat Hacker m\u00fcssen diesen Verdacht unverz\u00fcglich und l\u00fcckenlos aufkl\u00e4ren\u201c, fordert Nepp.<\/p>\n<p _ngcontent-ng-c2115416006=\"\"> OTS-ORIGINALTEXT PRESSEAUSSENDUNG UNTER AUSSCHLIESSLICHER<br \/>\nINHALTLICHER VERANTWORTUNG DES AUSSENDERS &#8211; WWW.OTS.AT | NFW<\/p>\n","protected":false},"excerpt":{"rendered":"Wien (OTS) &#8211;\u00a0 Als \u201eunfassbare Heuchelei der Sonderklasse\u201c bezeichnet der Wiener FP\u00d6-Chef, Stadtrat Dominik Nepp, die aktuellen Berichte&hellip;\n","protected":false},"author":2,"featured_media":372470,"comment_status":"","ping_status":"","sticky":false,"template":"","format":"standard","meta":{"footnotes":"","_share_on_mastodon":"0"},"categories":[6],"tags":[26393,26395,46,42,938,682,16588,44,26394,43,45,1121,182],"class_list":["post-372469","post","type-post","status-publish","format-standard","has-post-thumbnail","category-oesterreich","tag-apa","tag-apa-ots","tag-at","tag-austria","tag-gesundheitssystem","tag-innenpolitik","tag-operationen","tag-oesterreich","tag-ots","tag-republic-of-austria","tag-republik-oesterreich","tag-spoe","tag-wien"],"share_on_mastodon":{"url":"https:\/\/pubeurope.com\/@at\/117206259334215896","error":""},"_links":{"self":[{"href":"https:\/\/www.europesays.com\/at\/wp-json\/wp\/v2\/posts\/372469","targetHints":{"allow":["GET"]}}],"collection":[{"href":"https:\/\/www.europesays.com\/at\/wp-json\/wp\/v2\/posts"}],"about":[{"href":"https:\/\/www.europesays.com\/at\/wp-json\/wp\/v2\/types\/post"}],"author":[{"embeddable":true,"href":"https:\/\/www.europesays.com\/at\/wp-json\/wp\/v2\/users\/2"}],"replies":[{"embeddable":true,"href":"https:\/\/www.europesays.com\/at\/wp-json\/wp\/v2\/comments?post=372469"}],"version-history":[{"count":0,"href":"https:\/\/www.europesays.com\/at\/wp-json\/wp\/v2\/posts\/372469\/revisions"}],"wp:featuredmedia":[{"embeddable":true,"href":"https:\/\/www.europesays.com\/at\/wp-json\/wp\/v2\/media\/372470"}],"wp:attachment":[{"href":"https:\/\/www.europesays.com\/at\/wp-json\/wp\/v2\/media?parent=372469"}],"wp:term":[{"taxonomy":"category","embeddable":true,"href":"https:\/\/www.europesays.com\/at\/wp-json\/wp\/v2\/categories?post=372469"},{"taxonomy":"post_tag","embeddable":true,"href":"https:\/\/www.europesays.com\/at\/wp-json\/wp\/v2\/tags?post=372469"}],"curies":[{"name":"wp","href":"https:\/\/api.w.org\/{rel}","templated":true}]}}