{"id":372503,"date":"2026-09-03T09:14:10","date_gmt":"2026-09-03T09:14:10","guid":{"rendered":"https:\/\/www.europesays.com\/at\/372503\/"},"modified":"2026-09-03T09:14:10","modified_gmt":"2026-09-03T09:14:10","slug":"inklusive-job-und-infomesse-in-linz","status":"publish","type":"post","link":"https:\/\/www.europesays.com\/at\/372503\/","title":{"rendered":"Inklusive Job- und Infomesse in Linz"},"content":{"rendered":"<p> LINZ. In der Wirtschaftskammer Ober\u00f6sterreich fand die inklusive Job- und Infomesse \u201emeet&amp;match\u201c statt. <\/p>\n<p>Am 1. September 2026 wurde in der Wirtschaftskammer Ober\u00f6sterreich in Linz die inklusive Job- und Infomesse \u201emeet&amp;match\u201c veranstaltet. <\/p>\n<p>\u201eDer Fachkr\u00e4ftemangel wird in den n\u00e4chsten Jahren eine unserer gr\u00f6\u00dften Herausforderungen sein. Wir k\u00f6nnen es uns nicht leisten, Talente zu \u00fcbersehen, nur weil wir die Rahmenbedingungen und Unterst\u00fctzungsm\u00f6glichkeiten nicht kennen\u201c, so J\u00fcrgen Kapeller, Obmann der WKO Linz-Land, Klaus Schobesberger, Obmann der WKO Linz-Stadt, und Sabine Lindorfer, Obfrau der WKO Urfahr-Umgebung.<\/p>\n<p>Doppelfunktion des Events<\/p>\n<p>Die Arbeitgeber lernten durch das \u201emeet&amp;match\u201c-Konzept auch die Pers\u00f6nlichkeit und Motivation der Bewerber, Personen mit Behinderung oder chronischer Erkrankung, kennen \u2013 nicht nur ihre formalen Lebensl\u00e4ufe. Die Experten des NEBA Betriebsservice Ober\u00f6sterreich und des Arbeitsmarktservice (AMS) konnten die n\u00f6tige Grundlage f\u00fcr die Umsetzung bieten.\u00a0<\/p>\n<p>Kapeller, Schobesberger und Lindorfer erkl\u00e4rten: \u201eDiese Messe war mehr als ein Recruiting-Event, sie war eine Wissensb\u00f6rse. Wer informiert ist und die vorhandenen Unterst\u00fctzungsangebote kennt, kann neue Mitarbeiter gezielt gewinnen.\u201c<\/p>\n<p>Pers\u00f6nlicher Kontakt beim Event<\/p>\n<p>Der pers\u00f6nliche Kontakt sei das Besondere an dem Event \u201emeet&amp;match\u201c. Claus Jungkunz, Projektleiter und Berater bei NEBA Betriebsservice O\u00d6, erkl\u00e4rt: \u201eMit ,meet&amp;match\u2018 wird Recruiting neu gedacht. Statt Lebensl\u00e4ufen und formalen Qualifikationen stehen die Menschen mit ihren Interessen, F\u00e4higkeiten und ihrer Motivation im Fokus. So werden Potenziale sichtbar, die in klassischen Bewerbungsverfahren oft unentdeckt bleiben.\u201c<\/p>\n","protected":false},"excerpt":{"rendered":"LINZ. In der Wirtschaftskammer Ober\u00f6sterreich fand die inklusive Job- und Infomesse \u201emeet&amp;match\u201c statt. Am 1. September 2026 wurde&hellip;\n","protected":false},"author":2,"featured_media":372504,"comment_status":"","ping_status":"","sticky":false,"template":"","format":"standard","meta":{"footnotes":"","_share_on_mastodon":"0"},"categories":[30],"tags":[2262,11051,93157,46,42,7341,93254,93253,2414,184,276,2488,44,11275,11947,93255,26240],"class_list":["post-372503","post","type-post","status-publish","format-standard","has-post-thumbnail","category-linz","tag-inklusion","tag-ams","tag-arbeitsmarktservice","tag-at","tag-austria","tag-event","tag-infomesse","tag-jobmesse","tag-jobs","tag-linz","tag-oberoesterreich","tag-ooe","tag-oesterreich","tag-veranstaltung","tag-wirtschaftskammer","tag-wirtschaftskammer-oberoesterreich","tag-wkooe"],"share_on_mastodon":{"url":"https:\/\/pubeurope.com\/@at\/117206349764893584","error":""},"_links":{"self":[{"href":"https:\/\/www.europesays.com\/at\/wp-json\/wp\/v2\/posts\/372503","targetHints":{"allow":["GET"]}}],"collection":[{"href":"https:\/\/www.europesays.com\/at\/wp-json\/wp\/v2\/posts"}],"about":[{"href":"https:\/\/www.europesays.com\/at\/wp-json\/wp\/v2\/types\/post"}],"author":[{"embeddable":true,"href":"https:\/\/www.europesays.com\/at\/wp-json\/wp\/v2\/users\/2"}],"replies":[{"embeddable":true,"href":"https:\/\/www.europesays.com\/at\/wp-json\/wp\/v2\/comments?post=372503"}],"version-history":[{"count":0,"href":"https:\/\/www.europesays.com\/at\/wp-json\/wp\/v2\/posts\/372503\/revisions"}],"wp:featuredmedia":[{"embeddable":true,"href":"https:\/\/www.europesays.com\/at\/wp-json\/wp\/v2\/media\/372504"}],"wp:attachment":[{"href":"https:\/\/www.europesays.com\/at\/wp-json\/wp\/v2\/media?parent=372503"}],"wp:term":[{"taxonomy":"category","embeddable":true,"href":"https:\/\/www.europesays.com\/at\/wp-json\/wp\/v2\/categories?post=372503"},{"taxonomy":"post_tag","embeddable":true,"href":"https:\/\/www.europesays.com\/at\/wp-json\/wp\/v2\/tags?post=372503"}],"curies":[{"name":"wp","href":"https:\/\/api.w.org\/{rel}","templated":true}]}}