{"id":372515,"date":"2026-09-03T09:25:12","date_gmt":"2026-09-03T09:25:12","guid":{"rendered":"https:\/\/www.europesays.com\/at\/372515\/"},"modified":"2026-09-03T09:25:12","modified_gmt":"2026-09-03T09:25:12","slug":"samsung-auf-der-ifa-2026-neuer-standort-micro-rgb-tvs","status":"publish","type":"post","link":"https:\/\/www.europesays.com\/at\/372515\/","title":{"rendered":"Samsung auf der IFA 2026: Neuer Standort &#038; Micro RGB TVs"},"content":{"rendered":"<p>&#13;<br \/>\n        &#13;<br \/>\n&#13;<br \/>\n        &#13;<\/p>\n<p>            <img decoding=\"async\" fetchpriority=\"high\" width=\"696\" height=\"400\" class=\"entry-thumb\" src=\"https:\/\/www.europesays.com\/at\/wp-content\/uploads\/2026\/09\/020926-IFA-2026-Samsung-696x400.jpg\" alt=\"IFA 2026: Samsung setzt auf Micro RGB, ist nicht auf der Messe vertreten \u2013 und doch dabei\" title=\"020926 IFA 2026 Samsung\"\/><\/p>\n<p><a href=\"https:\/\/www.digitalfernsehen.de\/thema\/samsung\/\" class=\"av-highlight\" title=\"Mehr Aritkel zum Thema Samsung\" rel=\"nofollow noopener\" target=\"_blank\">Samsung<\/a> ver\u00e4ndert zur IFA 2026 seinen Auftritt in Berlin. Erstmals verlagert das Unternehmen seine Pr\u00e4sentation f\u00fcr Fachhandel, B2B und Medien in die Innenstadt \u2013 bleibt dabei aber offizieller IFA-Aussteller. Inhaltlich steht unter anderem das einj\u00e4hrige Micro-RGB-TV-Portfolio im Mittelpunkt.<\/p>\n<p>Samsung zeigt sich erstmals au\u00dferhalb der Messe<\/p>\n<p>Samsung pr\u00e4sentiert sich zur IFA 2026 erstmals mit einem eigenen Ausstellungsformat au\u00dferhalb der Berliner Messehallen. Vom 2. September an findet die Pr\u00e4sentation im Humboldt Carr\u00e9 statt. Das Angebot richtet sich vor allem an Fachhandel, B2B-Kunden und Medien. Trotz des neuen Standorts geh\u00f6rt Samsung weiterhin zum offiziellen Ausstellerfeld der IFA. Im offiziellen Ausstellerprofil wird das Unternehmen mit einer Pr\u00e4senz im Palais und Meetingr\u00e4umen im CityCube gef\u00fchrt. Die IFA bezeichnet das Innenstadt-Format ausdr\u00fccklich als offiziellen Teil ihres Programms.<\/p>\n<p>Micro RGB ein Jahr nach der Premiere im Mittelpunkt<\/p>\n<p>Inhaltlich blickt Samsung zur IFA 2026 auf ein Jahr Micro RGB zur\u00fcck. Zur IFA 2025 hatte das Unternehmen mit dem MR95F nach eigenen Angaben den weltweit ersten marktreifen Micro-RGB-Fernseher vorgestellt. Seitdem wurde die Produktfamilie ausgebaut. Samsung nennt inzwischen die Modellreihen R85H und R95H. Die Ger\u00e4te sind in Gr\u00f6\u00dfen von 55 bis 100 Zoll erh\u00e4ltlich. Hinzu kommt der im Januar 2026 vorgestellte 130-Zoll-Micro-RGB-TV. Die Technik arbeitet mit einzeln angesteuerten roten, gr\u00fcnen und blauen LEDs, die jeweils kleiner als 100 Mikrometer sind. Laut Samsung erreichen die Micro-RGB-Fernseher eine vollst\u00e4ndige Abdeckung des BT.2020-Farbraums.<\/p>\n<p>Vision AI Companion erweitert die TV-Funktionen<\/p>\n<p>Samsung verbindet die Micro-RGB-Technik zudem mit KI-Funktionen. Im Mittelpunkt steht der Vision AI Companion, der unter anderem auf Bixby, Perplexity und Microsoft Copilot zugreifen kann. \u00dcber den AI Hub werden Samsung-Funktionen und ausgew\u00e4hlte Anwendungen geb\u00fcndelt. Der Fernseher kann zudem per Sprache bedient werden. Samsung nennt au\u00dferdem Funktionen wie AI Upscaling Pro, Auto HDR Remastering Pro und den AI Sound Controller. Letzterer erm\u00f6glicht es, beispielsweise Kommentatoren-Stimmen, Publikumsjubel oder Spielger\u00e4usche getrennt zu verst\u00e4rken oder abzuschw\u00e4chen.<\/p>\n<p>IFA wird f\u00fcr Samsung zur Veranstaltung in der Stadt<\/p>\n<p>Der neue Auftritt ist Teil einer gr\u00f6\u00dferen Ver\u00e4nderung des IFA-Konzepts. Samsung ist 2026 nicht nur Aussteller, sondern zugleich Hauptsponsor des IFA Creator Hub. Dieser befindet sich im Palais am Funkturm und bietet Studios f\u00fcr Streaming und Podcasts sowie R\u00e4ume f\u00fcr Content-Produktion. Damit verbindet Samsung die eigene Pr\u00e4sentation mit einem weiteren offiziellen IFA-Bereich. F\u00fcr die IFA bedeutet der Samsung-Auftritt zugleich eine st\u00e4rkere Pr\u00e4senz au\u00dferhalb des klassischen Messegel\u00e4ndes.<\/p>\n<p>Die wichtigsten Infos zum Samsung-Auftritt<\/p>\n<p>IFA 2026: Samsung ist offizieller Aussteller der diesj\u00e4hrigen IFA, zudem ist Samsung Hauptsponsor des offiziellen IFA Creator Hub im Palais am Funkturm.<\/p>\n<p>Neuer Standort: Die Pr\u00e4sentation f\u00fcr Fachhandel, B2B und Medien findet ab 2. September im Humboldt Carr\u00e9 statt.<\/p>\n<p>Trotzdem IFA: Das Innenstadt-Format ist laut IFA ein offizieller Bestandteil des Programms.<\/p>\n<p>Micro RGB: Samsung blickt auf ein Jahr seit der Premiere des ersten marktreifen Micro-RGB-TVs zur\u00fcck.<\/p>\n<p>TV-Portfolio: Micro-RGB-Modelle gibt es inzwischen von 55 bis 115 Zoll; zus\u00e4tzlich wurde ein 130-Zoll-Modell vorgestellt.<\/p>\n<p>KI im TV: Der Vision AI Companion b\u00fcndelt Funktionen unter anderem mit Bixby, Perplexity und Microsoft Copilot.<\/p>\n<p>Au\u00dferdem interessant:<\/p>\n<p class=\"isc_image_list_title\">Bildquelle:<\/p>\n<p>\t\t020926 IFA 2026 Samsung: Samsung\t\t<\/p>\n<p>        &#13;<br \/>\n&#13;<br \/>\n        &#13;<br \/>\n                        &#13;<br \/>\n            &#13;<br \/>\n&#13;<br \/>\n                                    <a href=\"https:\/\/www.digitalfernsehen.de\/author\/mr\/\" aria-label=\"author-photo\" rel=\"nofollow noopener\" target=\"_blank\"><img loading=\"lazy\" alt=\"Marcus Reichl\" src=\"https:\/\/www.digitalfernsehen.de\/wp-content\/plugins\/avatar-privacy\/public\/images\/mystery.svg\"  class=\"avatar avatar-96 photo\" height=\"96\" width=\"96\" decoding=\"async\"\/><\/a><\/p>\n<p>MARCUS REICHL (Dipl.-Journalist) ist seit Anfang 2019 alleiniger Inhaber des uni-VERSAL Journalistenb\u00fcros Leipzig. Er erlernte das journalistische Handwerk bei der S\u00e4chsischen Zeitung (www.saechsische.de), der Bild-Zeitung (www.bild.de) und der Leipziger Volkszeitung (www.lvz.de). Nach dem Volontariat wechselte er in eine Leipziger PR-Agentur und betreute verschiedene Zeitschriftenprojekte als verantwortlicher Redakteur. Seit seiner Selbstst\u00e4ndigkeit 2005 hat er sich intensiv in verschiedene Branchen eingearbeitet, darunter Digitales, Medienpolitik (www.av.de, www.digitalfernsehen.de), Materialwirtschaft (www.kiweb.de, www.k-profi.de) und Energie (www.enviam.de, www.mitnetz-strom.de).<\/p>\n<p>                            &#13;<br \/>\n&#13;<\/p>\n","protected":false},"excerpt":{"rendered":"&#13; &#13; &#13; &#13; Samsung ver\u00e4ndert zur IFA 2026 seinen Auftritt in Berlin. Erstmals verlagert das Unternehmen seine&hellip;\n","protected":false},"author":2,"featured_media":372516,"comment_status":"","ping_status":"","sticky":false,"template":"","format":"standard","meta":{"footnotes":"","_share_on_mastodon":"0"},"categories":[16],"tags":[46,42,32436,7387,93002,44218,44,1470,97,96,101,98,100,99],"class_list":["post-372515","post","type-post","status-publish","format-standard","has-post-thumbnail","category-wissenschaft-technik","tag-at","tag-austria","tag-bildschirm","tag-fernseher","tag-ifa-2026","tag-micro-rgb","tag-oesterreich","tag-samsung","tag-science","tag-science-technology","tag-technik","tag-technology","tag-wissenschaft","tag-wissenschaft-technik"],"share_on_mastodon":{"url":"https:\/\/pubeurope.com\/@at\/117206393308044722","error":""},"_links":{"self":[{"href":"https:\/\/www.europesays.com\/at\/wp-json\/wp\/v2\/posts\/372515","targetHints":{"allow":["GET"]}}],"collection":[{"href":"https:\/\/www.europesays.com\/at\/wp-json\/wp\/v2\/posts"}],"about":[{"href":"https:\/\/www.europesays.com\/at\/wp-json\/wp\/v2\/types\/post"}],"author":[{"embeddable":true,"href":"https:\/\/www.europesays.com\/at\/wp-json\/wp\/v2\/users\/2"}],"replies":[{"embeddable":true,"href":"https:\/\/www.europesays.com\/at\/wp-json\/wp\/v2\/comments?post=372515"}],"version-history":[{"count":0,"href":"https:\/\/www.europesays.com\/at\/wp-json\/wp\/v2\/posts\/372515\/revisions"}],"wp:featuredmedia":[{"embeddable":true,"href":"https:\/\/www.europesays.com\/at\/wp-json\/wp\/v2\/media\/372516"}],"wp:attachment":[{"href":"https:\/\/www.europesays.com\/at\/wp-json\/wp\/v2\/media?parent=372515"}],"wp:term":[{"taxonomy":"category","embeddable":true,"href":"https:\/\/www.europesays.com\/at\/wp-json\/wp\/v2\/categories?post=372515"},{"taxonomy":"post_tag","embeddable":true,"href":"https:\/\/www.europesays.com\/at\/wp-json\/wp\/v2\/tags?post=372515"}],"curies":[{"name":"wp","href":"https:\/\/api.w.org\/{rel}","templated":true}]}}