{"id":372521,"date":"2026-09-03T09:28:08","date_gmt":"2026-09-03T09:28:08","guid":{"rendered":"https:\/\/www.europesays.com\/at\/372521\/"},"modified":"2026-09-03T09:28:08","modified_gmt":"2026-09-03T09:28:08","slug":"muenchen-mutmasslicher-brandanschlag-auf-ruestungsfirmen-scheitert-zwei-verdaechtige-festgenommen-muenchen","status":"publish","type":"post","link":"https:\/\/www.europesays.com\/at\/372521\/","title":{"rendered":"M\u00fcnchen: Mutma\u00dflicher Brandanschlag auf R\u00fcstungsfirmen scheitert &#8211; zwei Verd\u00e4chtige festgenommen &#8211; M\u00fcnchen"},"content":{"rendered":"<p data-manual=\"paragraph\" data-schema-org-speakable=\"true\" class=\"css-1eosz7k\">In der Nacht von Mittwoch auf Donnerstag ist in <a href=\"https:\/\/www.sueddeutsche.de\/thema\/M%C3%BCnchen\" rel=\"nofollow noopener\" target=\"_blank\">M\u00fcnchen<\/a> ein mutma\u00dflicher Brandanschlag auf ein R\u00fcstungsunternehmen gescheitert. Das Bayerische Landeskriminalamt (BLKA), das die Ermittlungen \u00fcbernommen hat, vermutet einen Anschlagsversuch.<\/p>\n<p data-manual=\"paragraph\" data-schema-org-speakable=\"true\" class=\"css-1eosz7k\">Passanten hatten gegen Mitternacht die Polizei alarmiert, dass in der M\u00fchldorfstra\u00dfe im Stadtteil <a href=\"https:\/\/www.sueddeutsche.de\/thema\/Berg_am_Laim\" rel=\"nofollow noopener\" target=\"_blank\">Berg am Laim<\/a> mehrere Brands\u00e4tze aus einem Auto geworfen worden seien. Dort sind unter anderem die R\u00fcstungsfirmen Rohde &amp; Schwarz sowie Helsing ans\u00e4ssig.<\/p>\n<p data-manual=\"paragraph\" data-schema-org-speakable=\"true\" class=\"css-1eosz7k\">Nach Angaben der M\u00fcnchner Polizei ist einer der Brands\u00e4tze von eintreffenden Beamten gel\u00f6scht worden. Mindestens ein weiterer, der nicht gez\u00fcndet habe, sei sp\u00e4ter von Spezialisten des BLKA entsch\u00e4rft worden, wie ein Sprecher der Beh\u00f6rde der SZ best\u00e4tigte.<\/p>\n<p data-manual=\"paragraph\" data-schema-org-speakable=\"true\" class=\"css-1eosz7k\">Im Rahmen einer sofort eingeleiteten Fahndung sind zwei Tatverd\u00e4chtige festgenommen worden, eine 28 Jahre alte Frau und ein 38 Jahre alter Mann, beide mit bulgarischer Staatsangeh\u00f6rigkeit.<\/p>\n<p><img decoding=\"async\" src=\"https:\/\/www.europesays.com\/at\/wp-content\/uploads\/2026\/09\/3422ed29-8ba3-4fe2-8fd0-b91c8e91825a.jpg\"   alt=\"Die Polizei ist am Tatort auch mit Sp\u00fcrhunden unterwegs.\" loading=\"lazy\" class=\"css-8atqhb\"\/><\/p>\n<p>Die Polizei ist am Tatort auch mit Sp\u00fcrhunden unterwegs.<\/p>\n<p>Foto: Robert Haas<\/p>\n<p data-manual=\"paragraph\" data-schema-org-speakable=\"true\" class=\"css-1eosz7k\">Dem Vernehmen nach seien die Brands\u00e4tze vor der Firmenzentrale von Rohde &amp; Schwarz aus dem Auto geworfen worden; der Hauptsitz von Helsing befindet sich schr\u00e4g gegen\u00fcber auf der anderen Stra\u00dfenseite. Deswegen wird durch die Ermittler auch ein politischer Hintergrund der Aktion gepr\u00fcft.<\/p>\n<p data-manual=\"paragraph\" data-schema-org-speakable=\"true\" class=\"css-1eosz7k\">Der Konzern Rohde &amp; Schwarz entwickelt und produziert unter anderem Funk- und Fernmeldesysteme f\u00fcr Regierungs- und Sicherheitsbeh\u00f6rden sowie die Bundeswehr. Das 2021 gegr\u00fcndete <a href=\"https:\/\/www.sueddeutsche.de\/wirtschaft\/helsing-muenchen-milliarden-euro-finanzierung-li.3515078\" rel=\"nofollow noopener\" target=\"_blank\">Start-up Helsing ist vor allem in der Drohnenproduktion t\u00e4tig<\/a> und wirbt explizit mit Verteidigungskonzepten \u201ezum Schutz unserer Demokratie\u201c.<\/p>\n<p data-manual=\"paragraph\" data-schema-org-speakable=\"true\" class=\"css-1eosz7k\"><a href=\"https:\/\/www.sueddeutsche.de\/muenchen\/muenchen-stromausfall-polizei-bekennerschreiben-brandanschlag-1.5300516\" rel=\"nofollow noopener\" target=\"_blank\">Nach einem Anschlag auf das Stromnetz im M\u00fcnchner Osten im Mai 2021 war Rohde &amp; Schwarz in einem Bekennerschreiben auf einer von Linksradikalen genutzten Medienplattform ausdr\u00fccklich als Ziel der Aktion genannt worden.<\/a> Die Echtheit des Schreibens wurde allerdings bislang nicht von den Sicherheitsbeh\u00f6rden best\u00e4tigt.<\/p>\n<p data-manual=\"paragraph\" data-schema-org-speakable=\"true\" class=\"css-1eosz7k\">Die damalige Brandstiftung in einer Baugrube wird zu einer Serie von etwa 50 Anschl\u00e4gen gerechnet, die es in den vergangenen Jahren auf Einrichtungen der kritischen Infrastruktur in und um M\u00fcnchen gegeben hat. Diese waren zun\u00e4chst eher einer linksradikalen Szene zugeordnet worden; inzwischen werden aber auch russische Geheimdienste als Anstifter nicht mehr ausgeschlossen.<\/p>\n","protected":false},"excerpt":{"rendered":"In der Nacht von Mittwoch auf Donnerstag ist in M\u00fcnchen ein mutma\u00dflicher Brandanschlag auf ein R\u00fcstungsunternehmen gescheitert. Das&hellip;\n","protected":false},"author":2,"featured_media":372522,"comment_status":"","ping_status":"","sticky":false,"template":"","format":"standard","meta":{"footnotes":"","_share_on_mastodon":"0"},"categories":[12],"tags":[93271,93269,279,36599,40,41,8331,70199,65168,530,39,818,1076,93270,66,65,64],"class_list":["post-372521","post","type-post","status-publish","format-standard","has-post-thumbnail","category-welt","tag-bayerisches-landeskriminalamt","tag-berg-am-laim","tag-muenchen","tag-muenchen-stadtteile","tag-nachrichten","tag-news","tag-oberbayern","tag-polizei-und-feuerwehr-in-bayern","tag-polizei-und-feuerwehr-in-muenchen","tag-ruestungsindustrie","tag-schlagzeilen","tag-sicherheitspolitik","tag-sueddeutsche-zeitung","tag-terrorverdacht","tag-welt","tag-world","tag-world-news"],"share_on_mastodon":{"url":"https:\/\/pubeurope.com\/@at\/117206404976011114","error":""},"_links":{"self":[{"href":"https:\/\/www.europesays.com\/at\/wp-json\/wp\/v2\/posts\/372521","targetHints":{"allow":["GET"]}}],"collection":[{"href":"https:\/\/www.europesays.com\/at\/wp-json\/wp\/v2\/posts"}],"about":[{"href":"https:\/\/www.europesays.com\/at\/wp-json\/wp\/v2\/types\/post"}],"author":[{"embeddable":true,"href":"https:\/\/www.europesays.com\/at\/wp-json\/wp\/v2\/users\/2"}],"replies":[{"embeddable":true,"href":"https:\/\/www.europesays.com\/at\/wp-json\/wp\/v2\/comments?post=372521"}],"version-history":[{"count":0,"href":"https:\/\/www.europesays.com\/at\/wp-json\/wp\/v2\/posts\/372521\/revisions"}],"wp:featuredmedia":[{"embeddable":true,"href":"https:\/\/www.europesays.com\/at\/wp-json\/wp\/v2\/media\/372522"}],"wp:attachment":[{"href":"https:\/\/www.europesays.com\/at\/wp-json\/wp\/v2\/media?parent=372521"}],"wp:term":[{"taxonomy":"category","embeddable":true,"href":"https:\/\/www.europesays.com\/at\/wp-json\/wp\/v2\/categories?post=372521"},{"taxonomy":"post_tag","embeddable":true,"href":"https:\/\/www.europesays.com\/at\/wp-json\/wp\/v2\/tags?post=372521"}],"curies":[{"name":"wp","href":"https:\/\/api.w.org\/{rel}","templated":true}]}}