{"id":372543,"date":"2026-09-03T09:47:08","date_gmt":"2026-09-03T09:47:08","guid":{"rendered":"https:\/\/www.europesays.com\/at\/372543\/"},"modified":"2026-09-03T09:47:08","modified_gmt":"2026-09-03T09:47:08","slug":"delivery-hero-raet-zur-annahme-des-uebernahmeangebots-von-uber","status":"publish","type":"post","link":"https:\/\/www.europesays.com\/at\/372543\/","title":{"rendered":"Delivery Hero r\u00e4t zur Annahme des \u00dcbernahmeangebots von Uber"},"content":{"rendered":"<p>Das \u00dcbernahmeangebot liege im besten Interesse der Gesellschaft, ihrer Aktion\u00e4re, Mitarbeiter und weiterer Stakeholder. Die Annahmefrist endet am 5. November. Auf Tradegate war die Aktie am Abend kaum bewegt.<\/p>\n<p>Der Fahrdienstvermittler und Lieferdienst aus den Vereinigten Staaten hat sich einen Gro\u00dfteil der Delivery-Hero-Anteile bereits gesichert und will sich in einem Milliardendeal auch den Rest einverleiben. Die F\u00fchrung des Berliner Konzerns hatte dabei zuletzt bereits mitgezogen und bei Aktion\u00e4ren und Besch\u00e4ftigten f\u00fcr den Zusammenschluss geworben. Das Offert des US-Konzerns bewertet Delivery Hero insgesamt mit knapp 13 Milliarden Euro.<\/p>\n","protected":false},"excerpt":{"rendered":"Das \u00dcbernahmeangebot liege im besten Interesse der Gesellschaft, ihrer Aktion\u00e4re, Mitarbeiter und weiterer Stakeholder. Die Annahmefrist endet am&hellip;\n","protected":false},"author":2,"featured_media":372544,"comment_status":"","ping_status":"","sticky":false,"template":"","format":"standard","meta":{"footnotes":"","_share_on_mastodon":"0"},"categories":[14],"tags":[46,42,95,90,89,91,94,44,93,92],"class_list":["post-372543","post","type-post","status-publish","format-standard","has-post-thumbnail","category-unternehmen-maerkte","tag-at","tag-austria","tag-business","tag-companies","tag-companies-markets","tag-markets","tag-maerkte","tag-oesterreich","tag-unternehmen","tag-unternehmen-maerkte"],"share_on_mastodon":{"url":"https:\/\/pubeurope.com\/@at\/117206479270584400","error":""},"_links":{"self":[{"href":"https:\/\/www.europesays.com\/at\/wp-json\/wp\/v2\/posts\/372543","targetHints":{"allow":["GET"]}}],"collection":[{"href":"https:\/\/www.europesays.com\/at\/wp-json\/wp\/v2\/posts"}],"about":[{"href":"https:\/\/www.europesays.com\/at\/wp-json\/wp\/v2\/types\/post"}],"author":[{"embeddable":true,"href":"https:\/\/www.europesays.com\/at\/wp-json\/wp\/v2\/users\/2"}],"replies":[{"embeddable":true,"href":"https:\/\/www.europesays.com\/at\/wp-json\/wp\/v2\/comments?post=372543"}],"version-history":[{"count":0,"href":"https:\/\/www.europesays.com\/at\/wp-json\/wp\/v2\/posts\/372543\/revisions"}],"wp:featuredmedia":[{"embeddable":true,"href":"https:\/\/www.europesays.com\/at\/wp-json\/wp\/v2\/media\/372544"}],"wp:attachment":[{"href":"https:\/\/www.europesays.com\/at\/wp-json\/wp\/v2\/media?parent=372543"}],"wp:term":[{"taxonomy":"category","embeddable":true,"href":"https:\/\/www.europesays.com\/at\/wp-json\/wp\/v2\/categories?post=372543"},{"taxonomy":"post_tag","embeddable":true,"href":"https:\/\/www.europesays.com\/at\/wp-json\/wp\/v2\/tags?post=372543"}],"curies":[{"name":"wp","href":"https:\/\/api.w.org\/{rel}","templated":true}]}}