{"id":372559,"date":"2026-09-03T09:56:10","date_gmt":"2026-09-03T09:56:10","guid":{"rendered":"https:\/\/www.europesays.com\/at\/372559\/"},"modified":"2026-09-03T09:56:10","modified_gmt":"2026-09-03T09:56:10","slug":"otto-meets-albertina-back-for-more-otto-waalkes-kommt-wieder-nach-wien","status":"publish","type":"post","link":"https:\/\/www.europesays.com\/at\/372559\/","title":{"rendered":"OTTO Meets ALBERTINA \u2013 back for more: Otto Waalkes kommt wieder nach Wien"},"content":{"rendered":"<p>Wien (OTS) &#8211;\u00a0<\/p>\n<p>W\u00e4hrend der gro\u00dfe Erfolg von OTTO Meets ALBERTINA andauert, gibt es im September ein Wiedersehen mit Otto Waalkes in der ALBERTINA. In seiner Intervention in den Habsburgischen Prunkr\u00e4umen trifft der K\u00fcnstler auf bekannte Meisterwerke der Sammlung \u2013 und tritt mit ihnen in einen Dialog der au\u00dferfriesischen Art.<\/p>\n<p>Aufgrund des gro\u00dfen anhaltenden Publikumsinteresses haben Ottifanten-Fans jetzt noch einmal die Gelegenheit, Otto Waalkes pers\u00f6nlich zu begegnen: Im Rahmen eines exklusiven Kinderworkshops am 18. September sowie einer weiteren Signierstunde am 19. September.<\/p>\n<p>Exklusiver Kinderworkshop mit Otto Waalkes<\/p>\n<p>F\u00fcr Kinder und ihre Begleitpersonen <br \/>Freitag, 18. September | 15 Uhr<br \/>Zeichenkurs exklusiv f\u00fcr <a target=\"_blank\" rel=\"noopener noreferrer nofollow\" href=\"https:\/\/www.albertinanews.at\/lKq89q3t42VNMWHQno\">Family Card Mitglieder<\/a> nur nach vorheriger <a href=\"http:\/\/www.ots.at\/cdn-cgi\/l\/email-protection#026f676f606770716a6b7242636e606770766b6c632c6376\" rel=\"nofollow noopener\" target=\"_blank\">Anmeldung<\/a><\/p>\n<p><a target=\"_blank\" rel=\"noopener noreferrer nofollow\" href=\"https:\/\/Signierstunde%20mit%20OTTO%20|%20Albertina%20Online-Shop\">Signierstunde mit Otto Waalkes<\/a><br \/>Samstag, 19. September | 11.30 \u2013 14.30 Uhr<br \/>In den Prunkr\u00e4umen der ALBERTINA<\/p>\n<p>Vor Ort kann die <a target=\"_blank\" rel=\"noopener noreferrer nofollow\" href=\"https:\/\/www.albertinanews.at\/lYL7qL3tALrq8Quwj3\">Publikation<\/a> mit Texten von Bernd Eilert und einem Gespr\u00e4ch zwischen Otto Waalkes und Ralph Gleis erworben und direkt signiert werden.<\/p>\n<p>Zur k\u00fcnstlerischen Intervention OTTO Meets ALBERTINA <\/p>\n<p>Noch bis 10. J\u00e4nner 2027 in den Habsburgischen Prunkr\u00e4umen<\/p>\n<p>Otto Waalkes z\u00e4hlt zu den bekanntesten Comedy-Gr\u00f6\u00dfen des deutschsprachigen Raums, Generationen haben \u00fcber seinen Wortwitz und seine Parodien gelacht. Seine Filme, Fernsehauftritte, Songs und Verse sind aus der Popkultur nicht mehr wegzudenken.<\/p>\n<p>Seine k\u00fcnstlerischen Ambitionen sind weniger bekannt. Als Maler l\u00e4sst er seine Kultfigur, den Ottifanten, durch die Kunstgeschichte spazieren. Die ALBERTINA und ihre Sammlung faszinieren ihn seit jeher: Zum 250-j\u00e4hrigen Jubil\u00e4um seiner Gr\u00fcndung hat das Museum ihn eingeladen, ausgew\u00e4hlte Meisterwerke der grafischen Sammlung neu zu betrachten und zu kommentieren. Parodistische Aneignung wird dabei zur ehrlichsten Form der Huldigung.<\/p>\n<p><a target=\"_blank\" rel=\"noopener noreferrer nofollow\" href=\"https:\/\/www.albertina.at\/presse\/ausstellungen\/otto-meets-albertina\/\">Presseseite OTTO Meets ALBERTINA<\/a><\/p>\n<p _ngcontent-ng-c2115416006=\"\"> OTS-ORIGINALTEXT PRESSEAUSSENDUNG UNTER AUSSCHLIESSLICHER<br \/>\nINHALTLICHER VERANTWORTUNG DES AUSSENDERS &#8211; WWW.OTS.AT | ABT<\/p>\n","protected":false},"excerpt":{"rendered":"Wien (OTS) &#8211;\u00a0 W\u00e4hrend der gro\u00dfe Erfolg von OTTO Meets ALBERTINA andauert, gibt es im September ein Wiedersehen&hellip;\n","protected":false},"author":2,"featured_media":372560,"comment_status":"","ping_status":"","sticky":false,"template":"","format":"standard","meta":{"footnotes":"","_share_on_mastodon":"0"},"categories":[28],"tags":[26393,26395,46,42,6352,16850,1250,1132,161,7477,93274,2178,3698,44,26394,93275,181,182],"class_list":["post-372559","post","type-post","status-publish","format-standard","has-post-thumbnail","category-wien","tag-apa","tag-apa-ots","tag-at","tag-austria","tag-bild","tag-human-interest","tag-kinder","tag-kultur","tag-kunst","tag-kunst-kultur","tag-kunst-workshop","tag-leute","tag-museen","tag-oesterreich","tag-ots","tag-signierstunde","tag-vienna","tag-wien"],"share_on_mastodon":{"url":"https:\/\/pubeurope.com\/@at\/117206514656973176","error":""},"_links":{"self":[{"href":"https:\/\/www.europesays.com\/at\/wp-json\/wp\/v2\/posts\/372559","targetHints":{"allow":["GET"]}}],"collection":[{"href":"https:\/\/www.europesays.com\/at\/wp-json\/wp\/v2\/posts"}],"about":[{"href":"https:\/\/www.europesays.com\/at\/wp-json\/wp\/v2\/types\/post"}],"author":[{"embeddable":true,"href":"https:\/\/www.europesays.com\/at\/wp-json\/wp\/v2\/users\/2"}],"replies":[{"embeddable":true,"href":"https:\/\/www.europesays.com\/at\/wp-json\/wp\/v2\/comments?post=372559"}],"version-history":[{"count":0,"href":"https:\/\/www.europesays.com\/at\/wp-json\/wp\/v2\/posts\/372559\/revisions"}],"wp:featuredmedia":[{"embeddable":true,"href":"https:\/\/www.europesays.com\/at\/wp-json\/wp\/v2\/media\/372560"}],"wp:attachment":[{"href":"https:\/\/www.europesays.com\/at\/wp-json\/wp\/v2\/media?parent=372559"}],"wp:term":[{"taxonomy":"category","embeddable":true,"href":"https:\/\/www.europesays.com\/at\/wp-json\/wp\/v2\/categories?post=372559"},{"taxonomy":"post_tag","embeddable":true,"href":"https:\/\/www.europesays.com\/at\/wp-json\/wp\/v2\/tags?post=372559"}],"curies":[{"name":"wp","href":"https:\/\/api.w.org\/{rel}","templated":true}]}}